{"id":318811,"date":"2026-03-12T15:43:23","date_gmt":"2026-03-12T14:43:23","guid":{"rendered":"https:\/\/www.evearly.news\/fr\/honda-prend-une-decision-choquante-qui-va-lui-couter-des-milliards-et-annule-au-dernier-moment-ses-voitures-electriques-tres-osees\/"},"modified":"2026-03-12T15:43:23","modified_gmt":"2026-03-12T14:43:23","slug":"honda-prend-une-decision-choquante-qui-va-lui-couter-des-milliards-et-annule-au-dernier-moment-ses-voitures-electriques-tres-osees","status":"publish","type":"post","link":"https:\/\/www.evearly.news\/fr\/honda-prend-une-decision-choquante-qui-va-lui-couter-des-milliards-et-annule-au-dernier-moment-ses-voitures-electriques-tres-osees\/","title":{"rendered":"Honda prend une d\u00e9cision choquante qui va lui co\u00fbter des milliards et annule au dernier moment ses voitures \u00e9lectriques tr\u00e8s os\u00e9es"},"content":{"rendered":"<p><img decoding=\"async\" src=\"https:\/\/www.evearly.news\/fr\/wp-content\/uploads\/sites\/6\/2026\/03\/honda-prend-une-decision-choquante-qui-va-lui-couter-des-milliards-et-annule-au-dernier-moment-ses-voitures-electriques-tres-osees.jpg\" alt=\"caradisiac\" ><br \/>C\u2019est une \u00e9norme et tr\u00e8s co\u00fbteuse surprise. Honda vient tout simplement de mettre \u00e0 la poubelle ses futures voitures \u00e9lectriques alors que leur commercialisation \u00e9tait imminente. Ca va co\u00fbter tr\u00e8s cher au constructeur japonais, qui a trop peur d\u2019un \u00e9chec industriel encore plus d\u00e9sastreux \u00e0 cause notamment de l\u2019\u00e9volution du march\u00e9 am\u00e9ricain. <a href=https:\/\/www.caradisiac.com\/honda-prend-une-decision-choquante-qui-va-lui-couter-des-milliards-et-annule-au-dernier-moment-ses-voitures-electriques-tres-osees-220899.htm#xtor=RSS-40 target=blank>Lire la suite&#8230;<\/a><\/p>\n","protected":false},"excerpt":{"rendered":"<p><img decoding=\"async\" src=\"https:\/\/www.evearly.news\/fr\/wp-content\/uploads\/sites\/6\/2026\/03\/honda-prend-une-decision-choquante-qui-va-lui-couter-des-milliards-et-annule-au-dernier-moment-ses-voitures-electriques-tres-osees.jpg\" alt=\"caradisiac\"><br \/>C\u2019est une \u00e9norme et tr\u00e8s co\u00fbteuse surprise. Honda vient tout simplement de mettre \u00e0 la poubelle ses futures voitures \u00e9lectriques alors que leur commercialisation \u00e9tait imminente. Ca va co\u00fbter tr\u00e8s cher au constructeur japonais, qui a trop peur d\u2019un \u00e9chec industriel encore plus d\u00e9sastreux \u00e0 cause notamment de l\u2019\u00e9volution du march\u00e9 am\u00e9ricain.<\/p>\n<p> <a class=\"continue-reading-link\" href=\"https:\/\/www.evearly.news\/fr\/honda-prend-une-decision-choquante-qui-va-lui-couter-des-milliards-et-annule-au-dernier-moment-ses-voitures-electriques-tres-osees\/\"><\/a><\/p>\n","protected":false},"author":11,"featured_media":318812,"comment_status":"closed","ping_status":"open","sticky":false,"template":"Default","format":"standard","meta":{"footnotes":""},"categories":[11],"tags":[],"class_list":["post-318811","post","type-post","status-publish","format-standard","has-post-thumbnail","hentry","category-caradisiac"],"_links":{"self":[{"href":"https:\/\/www.evearly.news\/fr\/wp-json\/wp\/v2\/posts\/318811","targetHints":{"allow":["GET"]}}],"collection":[{"href":"https:\/\/www.evearly.news\/fr\/wp-json\/wp\/v2\/posts"}],"about":[{"href":"https:\/\/www.evearly.news\/fr\/wp-json\/wp\/v2\/types\/post"}],"author":[{"embeddable":true,"href":"https:\/\/www.evearly.news\/fr\/wp-json\/wp\/v2\/users\/11"}],"replies":[{"embeddable":true,"href":"https:\/\/www.evearly.news\/fr\/wp-json\/wp\/v2\/comments?post=318811"}],"version-history":[{"count":0,"href":"https:\/\/www.evearly.news\/fr\/wp-json\/wp\/v2\/posts\/318811\/revisions"}],"wp:featuredmedia":[{"embeddable":true,"href":"https:\/\/www.evearly.news\/fr\/wp-json\/wp\/v2\/media\/318812"}],"wp:attachment":[{"href":"https:\/\/www.evearly.news\/fr\/wp-json\/wp\/v2\/media?parent=318811"}],"wp:term":[{"taxonomy":"category","embeddable":true,"href":"https:\/\/www.evearly.news\/fr\/wp-json\/wp\/v2\/categories?post=318811"},{"taxonomy":"post_tag","embeddable":true,"href":"https:\/\/www.evearly.news\/fr\/wp-json\/wp\/v2\/tags?post=318811"}],"curies":[{"name":"wp","href":"https:\/\/api.w.org\/{rel}","templated":true}]}}