{"id":318815,"date":"2026-03-13T20:53:29","date_gmt":"2026-03-13T19:53:29","guid":{"rendered":"https:\/\/www.evearly.news\/fr\/volkswagen-demarre-la-production-de-sa-premiere-voiture-electrique-chinoise-en-collaboration-avec-xpeng\/"},"modified":"2026-03-13T20:53:29","modified_gmt":"2026-03-13T19:53:29","slug":"volkswagen-demarre-la-production-de-sa-premiere-voiture-electrique-chinoise-en-collaboration-avec-xpeng","status":"publish","type":"post","link":"https:\/\/www.evearly.news\/fr\/volkswagen-demarre-la-production-de-sa-premiere-voiture-electrique-chinoise-en-collaboration-avec-xpeng\/","title":{"rendered":"Volkswagen d\u00e9marre la production de sa premi\u00e8re voiture \u00e9lectrique chinoise en collaboration avec Xpeng"},"content":{"rendered":"<p><img width=\"1200\" height=\"675\" src=\"https:\/\/www.evearly.news\/fr\/wp-content\/uploads\/sites\/6\/2026\/03\/volkswagen-demarre-la-production-de-sa-premiere-voiture-electrique-chinoise-en-collaboration-avec-xpeng.jpg\" class=\"attachment-full size-full wp-post-image\" alt=\"\" decoding=\"async\" loading=\"lazy\" \/<br \/>\nD\u00e9voil\u00e9e \u00e0 la fin de l\u2019ann\u00e9e 2025, la Volkswagen ID. Unyx 08 s\u2019appr\u00eate \u00e0 d\u00e9barquer sur les routes. La voiture \u00e9lectrique con\u00e7ue en partenariat avec Xpeng a \u00e9t\u00e9 d\u00e9velopp\u00e9e en seulement 24 mois.<br \/>\n <a href=https:\/\/www.frandroid.com\/marques\/volkswagen\/3012439_volkswagen-demarre-la-production-de-sa-premiere-voiture-electrique-chinoise-en-collaboration-avec-xpeng target='blank'>Lire la suite&#8230;<\/a><\/p>\n","protected":false},"excerpt":{"rendered":"<p>&lt;img width=&quot;1200&quot; height=&quot;675&quot; src=&quot;https:\/\/www.evearly.news\/fr\/wp-content\/uploads\/sites\/6\/2026\/03\/volkswagen-demarre-la-production-de-sa-premiere-voiture-electrique-chinoise-en-collaboration-avec-xpeng.jpg&quot; class=&quot;attachment-full size-full wp-post-image&quot; alt=&quot;&quot; decoding=&quot;async&quot; loading=&quot;lazy&quot; \/<br \/>\nD\u00e9voil\u00e9e \u00e0 la fin de l\u2019ann\u00e9e 2025, la Volkswagen ID. Unyx 08 s\u2019appr\u00eate \u00e0 d\u00e9barquer sur les routes. La voiture \u00e9lectrique con\u00e7ue en partenariat avec Xpeng a \u00e9t\u00e9 d\u00e9velopp\u00e9e en seulement 24 mois.\n<\/p>\n<p> <a class=\"continue-reading-link\" href=\"https:\/\/www.evearly.news\/fr\/volkswagen-demarre-la-production-de-sa-premiere-voiture-electrique-chinoise-en-collaboration-avec-xpeng\/\"><\/a><\/p>\n","protected":false},"author":6,"featured_media":318816,"comment_status":"closed","ping_status":"open","sticky":false,"template":"Default","format":"standard","meta":{"footnotes":""},"categories":[14],"tags":[],"class_list":["post-318815","post","type-post","status-publish","format-standard","has-post-thumbnail","hentry","category-frandroid"],"_links":{"self":[{"href":"https:\/\/www.evearly.news\/fr\/wp-json\/wp\/v2\/posts\/318815","targetHints":{"allow":["GET"]}}],"collection":[{"href":"https:\/\/www.evearly.news\/fr\/wp-json\/wp\/v2\/posts"}],"about":[{"href":"https:\/\/www.evearly.news\/fr\/wp-json\/wp\/v2\/types\/post"}],"author":[{"embeddable":true,"href":"https:\/\/www.evearly.news\/fr\/wp-json\/wp\/v2\/users\/6"}],"replies":[{"embeddable":true,"href":"https:\/\/www.evearly.news\/fr\/wp-json\/wp\/v2\/comments?post=318815"}],"version-history":[{"count":0,"href":"https:\/\/www.evearly.news\/fr\/wp-json\/wp\/v2\/posts\/318815\/revisions"}],"wp:featuredmedia":[{"embeddable":true,"href":"https:\/\/www.evearly.news\/fr\/wp-json\/wp\/v2\/media\/318816"}],"wp:attachment":[{"href":"https:\/\/www.evearly.news\/fr\/wp-json\/wp\/v2\/media?parent=318815"}],"wp:term":[{"taxonomy":"category","embeddable":true,"href":"https:\/\/www.evearly.news\/fr\/wp-json\/wp\/v2\/categories?post=318815"},{"taxonomy":"post_tag","embeddable":true,"href":"https:\/\/www.evearly.news\/fr\/wp-json\/wp\/v2\/tags?post=318815"}],"curies":[{"name":"wp","href":"https:\/\/api.w.org\/{rel}","templated":true}]}}