{"id":318819,"date":"2026-03-13T20:54:17","date_gmt":"2026-03-13T19:54:17","guid":{"rendered":"https:\/\/www.evearly.news\/fr\/on-na-rien-vu-venir-le-terrible-aveu-dimpuissance-du-patron-de-ford-face-aux-voitures-chinoises\/"},"modified":"2026-03-13T20:54:17","modified_gmt":"2026-03-13T19:54:17","slug":"on-na-rien-vu-venir-le-terrible-aveu-dimpuissance-du-patron-de-ford-face-aux-voitures-chinoises","status":"publish","type":"post","link":"https:\/\/www.evearly.news\/fr\/on-na-rien-vu-venir-le-terrible-aveu-dimpuissance-du-patron-de-ford-face-aux-voitures-chinoises\/","title":{"rendered":"\u00ab On n\u2019a rien vu venir \u00bb : le terrible aveu d\u2019impuissance du patron de Ford face aux voitures chinoises"},"content":{"rendered":"<p><img width=\"1200\" height=\"675\" src=\"https:\/\/www.evearly.news\/fr\/wp-content\/uploads\/sites\/6\/2026\/03\/on-na-rien-vu-venir-le-terrible-aveu-dimpuissance-du-patron-de-ford-face-aux-voitures-chinoises.jpg\" class=\"attachment-full size-full wp-post-image\" alt=\"\" decoding=\"async\" loading=\"lazy\" \/<br \/>\nInterrog\u00e9 par le m\u00e9dia Car &#038; Driver, le patron de Ford, Jim Farley, \u00e9voque l\u2019arriv\u00e9e massive des voitures \u00e9lectriques chinoises. Et il admet sans peine avoir fait des erreurs strat\u00e9giques face \u00e0 cette nouvelle concurrence.<br \/>\n <a href=https:\/\/www.frandroid.com\/marques\/ford\/3012219_on-na-rien-vu-venir-le-terrible-aveu-dimpuissance-du-patron-de-ford-face-aux-voitures-chinoises target='blank'>Lire la suite&#8230;<\/a><\/p>\n","protected":false},"excerpt":{"rendered":"<p>&lt;img width=&quot;1200&quot; height=&quot;675&quot; src=&quot;https:\/\/www.evearly.news\/fr\/wp-content\/uploads\/sites\/6\/2026\/03\/on-na-rien-vu-venir-le-terrible-aveu-dimpuissance-du-patron-de-ford-face-aux-voitures-chinoises.jpg&quot; class=&quot;attachment-full size-full wp-post-image&quot; alt=&quot;&quot; decoding=&quot;async&quot; loading=&quot;lazy&quot; \/<br \/>\nInterrog\u00e9 par le m\u00e9dia Car &amp; Driver, le patron de Ford, Jim Farley, \u00e9voque l\u2019arriv\u00e9e massive des voitures \u00e9lectriques chinoises. Et il admet sans peine avoir fait des erreurs strat\u00e9giques face \u00e0 cette nouvelle concurrence.\n<\/p>\n<p> <a class=\"continue-reading-link\" href=\"https:\/\/www.evearly.news\/fr\/on-na-rien-vu-venir-le-terrible-aveu-dimpuissance-du-patron-de-ford-face-aux-voitures-chinoises\/\"><\/a><\/p>\n","protected":false},"author":6,"featured_media":318820,"comment_status":"closed","ping_status":"open","sticky":false,"template":"Default","format":"standard","meta":{"footnotes":""},"categories":[14],"tags":[],"class_list":["post-318819","post","type-post","status-publish","format-standard","has-post-thumbnail","hentry","category-frandroid"],"_links":{"self":[{"href":"https:\/\/www.evearly.news\/fr\/wp-json\/wp\/v2\/posts\/318819","targetHints":{"allow":["GET"]}}],"collection":[{"href":"https:\/\/www.evearly.news\/fr\/wp-json\/wp\/v2\/posts"}],"about":[{"href":"https:\/\/www.evearly.news\/fr\/wp-json\/wp\/v2\/types\/post"}],"author":[{"embeddable":true,"href":"https:\/\/www.evearly.news\/fr\/wp-json\/wp\/v2\/users\/6"}],"replies":[{"embeddable":true,"href":"https:\/\/www.evearly.news\/fr\/wp-json\/wp\/v2\/comments?post=318819"}],"version-history":[{"count":0,"href":"https:\/\/www.evearly.news\/fr\/wp-json\/wp\/v2\/posts\/318819\/revisions"}],"wp:featuredmedia":[{"embeddable":true,"href":"https:\/\/www.evearly.news\/fr\/wp-json\/wp\/v2\/media\/318820"}],"wp:attachment":[{"href":"https:\/\/www.evearly.news\/fr\/wp-json\/wp\/v2\/media?parent=318819"}],"wp:term":[{"taxonomy":"category","embeddable":true,"href":"https:\/\/www.evearly.news\/fr\/wp-json\/wp\/v2\/categories?post=318819"},{"taxonomy":"post_tag","embeddable":true,"href":"https:\/\/www.evearly.news\/fr\/wp-json\/wp\/v2\/tags?post=318819"}],"curies":[{"name":"wp","href":"https:\/\/api.w.org\/{rel}","templated":true}]}}