{"id":318821,"date":"2026-03-13T20:54:36","date_gmt":"2026-03-13T19:54:36","guid":{"rendered":"https:\/\/www.evearly.news\/fr\/voitures-electriques-les-prix-chutent-enfin-mais-pourraient-augmenter-de-2-300-e-a-cause-des-moteurs-thermiques\/"},"modified":"2026-03-13T20:54:36","modified_gmt":"2026-03-13T19:54:36","slug":"voitures-electriques-les-prix-chutent-enfin-mais-pourraient-augmenter-de-2-300-e-a-cause-des-moteurs-thermiques","status":"publish","type":"post","link":"https:\/\/www.evearly.news\/fr\/voitures-electriques-les-prix-chutent-enfin-mais-pourraient-augmenter-de-2-300-e-a-cause-des-moteurs-thermiques\/","title":{"rendered":"Voitures \u00e9lectriques : les prix chutent enfin mais pourraient augmenter de 2 300 \u20ac \u00e0 cause des moteurs thermiques"},"content":{"rendered":"<p><img width=\"1200\" height=\"675\" src=\"https:\/\/www.evearly.news\/fr\/wp-content\/uploads\/sites\/6\/2026\/03\/voitures-electriques-les-prix-chutent-enfin-mais-pourraient-augmenter-de-2-300-e-a-cause-des-moteurs-thermiques.jpg\" class=\"attachment-full size-full wp-post-image\" alt=\"\" decoding=\"async\" loading=\"lazy\" \/<br \/>\nSelon une r\u00e9cente \u00e9tude men\u00e9e par Transport &#038; Environment, le prix des voitures \u00e9lectriques a chut\u00e9 de 1 800 euros en un an. Mais tout n\u2019est pas rose pour autant, et on vous explique pourquoi.<br \/>\n <a href=https:\/\/www.frandroid.com\/survoltes\/voitures-electriques\/3012167_voitures-electriques-les-prix-chutent-enfin-mais-pourraient-augmenter-de-2-300-e-a-cause-des-moteurs-thermiques target='blank'>Lire la suite&#8230;<\/a><\/p>\n","protected":false},"excerpt":{"rendered":"<p>&lt;img width=&quot;1200&quot; height=&quot;675&quot; src=&quot;https:\/\/www.evearly.news\/fr\/wp-content\/uploads\/sites\/6\/2026\/03\/voitures-electriques-les-prix-chutent-enfin-mais-pourraient-augmenter-de-2-300-e-a-cause-des-moteurs-thermiques.jpg&quot; class=&quot;attachment-full size-full wp-post-image&quot; alt=&quot;&quot; decoding=&quot;async&quot; loading=&quot;lazy&quot; \/<br \/>\nSelon une r\u00e9cente \u00e9tude men\u00e9e par Transport &amp; Environment, le prix des voitures \u00e9lectriques a chut\u00e9 de 1 800 euros en un an. Mais tout n\u2019est pas rose pour autant, et on vous explique pourquoi.\n<\/p>\n<p> <a class=\"continue-reading-link\" href=\"https:\/\/www.evearly.news\/fr\/voitures-electriques-les-prix-chutent-enfin-mais-pourraient-augmenter-de-2-300-e-a-cause-des-moteurs-thermiques\/\"><\/a><\/p>\n","protected":false},"author":6,"featured_media":318822,"comment_status":"closed","ping_status":"open","sticky":false,"template":"Default","format":"standard","meta":{"footnotes":""},"categories":[14],"tags":[],"class_list":["post-318821","post","type-post","status-publish","format-standard","has-post-thumbnail","hentry","category-frandroid"],"_links":{"self":[{"href":"https:\/\/www.evearly.news\/fr\/wp-json\/wp\/v2\/posts\/318821","targetHints":{"allow":["GET"]}}],"collection":[{"href":"https:\/\/www.evearly.news\/fr\/wp-json\/wp\/v2\/posts"}],"about":[{"href":"https:\/\/www.evearly.news\/fr\/wp-json\/wp\/v2\/types\/post"}],"author":[{"embeddable":true,"href":"https:\/\/www.evearly.news\/fr\/wp-json\/wp\/v2\/users\/6"}],"replies":[{"embeddable":true,"href":"https:\/\/www.evearly.news\/fr\/wp-json\/wp\/v2\/comments?post=318821"}],"version-history":[{"count":0,"href":"https:\/\/www.evearly.news\/fr\/wp-json\/wp\/v2\/posts\/318821\/revisions"}],"wp:featuredmedia":[{"embeddable":true,"href":"https:\/\/www.evearly.news\/fr\/wp-json\/wp\/v2\/media\/318822"}],"wp:attachment":[{"href":"https:\/\/www.evearly.news\/fr\/wp-json\/wp\/v2\/media?parent=318821"}],"wp:term":[{"taxonomy":"category","embeddable":true,"href":"https:\/\/www.evearly.news\/fr\/wp-json\/wp\/v2\/categories?post=318821"},{"taxonomy":"post_tag","embeddable":true,"href":"https:\/\/www.evearly.news\/fr\/wp-json\/wp\/v2\/tags?post=318821"}],"curies":[{"name":"wp","href":"https:\/\/api.w.org\/{rel}","templated":true}]}}