{"id":318825,"date":"2026-03-14T09:25:17","date_gmt":"2026-03-14T08:25:17","guid":{"rendered":"https:\/\/www.evearly.news\/fr\/les-repercussions-du-plan-futuready-pour-dacia-et-alpine\/"},"modified":"2026-03-14T09:25:17","modified_gmt":"2026-03-14T08:25:17","slug":"les-repercussions-du-plan-futuready-pour-dacia-et-alpine","status":"publish","type":"post","link":"https:\/\/www.evearly.news\/fr\/les-repercussions-du-plan-futuready-pour-dacia-et-alpine\/","title":{"rendered":"Les r\u00e9percussions du plan futuREady pour Dacia et Alpine"},"content":{"rendered":"<p><img width=\"1000\" height=\"563\" src=\"https:\/\/www.evearly.news\/fr\/wp-content\/uploads\/sites\/6\/2026\/03\/les-repercussions-du-plan-futuready-pour-dacia-et-alpine.jpg\" class=\"attachment-post-thumbnail size-post-thumbnail wp-post-image\" alt=\"Plan futuREady Dacia Alpine\" decoding=\"async\" fetchpriority=\"high\" srcset=\"https:\/\/www.evearly.news\/fr\/wp-content\/uploads\/sites\/6\/2026\/03\/les-repercussions-du-plan-futuready-pour-dacia-et-alpine.jpg 1000w, https:\/\/www.evearly.news\/fr\/wp-content\/uploads\/sites\/6\/2026\/03\/les-repercussions-du-plan-futuready-pour-dacia-et-alpine-1.jpg 300w, https:\/\/www.evearly.news\/fr\/wp-content\/uploads\/sites\/6\/2026\/03\/les-repercussions-du-plan-futuready-pour-dacia-et-alpine-2.jpg 998w, https:\/\/www.avem.fr\/wp-content\/uploads\/2026\/03\/FutuREady-Dacia-et-Alpine-Une-768x432.jpg 768w\" sizes=\"(max-width: 1000px) 100vw, 1000px\" \/>D\u00e9voil\u00e9 en d\u00e9but de semaine, le plan strat\u00e9gique futuREady concerne l\u2019ensemble des marques de Renault Group. Outre Renault, il d\u00e9finit donc aussi les grandes orientations de Dacia et Alpine pour les cinq prochaines ann\u00e9es. Dacia cherchera \u00e0 monter en puissance en continuant \u00e0 red\u00e9finir les fondamentaux de la mobilit\u00e9 moderne [\u2026] <a href=https:\/\/www.avem.fr\/2026\/03\/14\/les-repercussions-du-plan-futuready-pour-dacia-et-alpine\/ target=blank>Lire la suite&#8230;<\/a><\/p>\n","protected":false},"excerpt":{"rendered":"<p><img loading=\"lazy\" decoding=\"async\" width=\"1000\" height=\"563\" src=\"https:\/\/www.evearly.news\/fr\/wp-content\/uploads\/sites\/6\/2026\/03\/les-repercussions-du-plan-futuready-pour-dacia-et-alpine.jpg\" class=\"attachment-post-thumbnail size-post-thumbnail wp-post-image\" alt=\"Plan futuREady Dacia Alpine\" \/>D\u00e9voil\u00e9 en d\u00e9but de semaine, le plan strat\u00e9gique futuREady concerne l\u2019ensemble des marques de Renault Group. Outre Renault, il d\u00e9finit donc aussi les grandes orientations de Dacia et Alpine pour les cinq prochaines ann\u00e9es. Dacia cherchera \u00e0 monter en puissance en continuant \u00e0 red\u00e9finir les fondamentaux de la mobilit\u00e9 moderne [\u2026] <a class=\"continue-reading-link\" href=\"https:\/\/www.evearly.news\/fr\/les-repercussions-du-plan-futuready-pour-dacia-et-alpine\/\"><\/a><\/p>\n","protected":false},"author":3,"featured_media":318826,"comment_status":"closed","ping_status":"open","sticky":false,"template":"Default","format":"standard","meta":{"footnotes":""},"categories":[3],"tags":[],"class_list":["post-318825","post","type-post","status-publish","format-standard","has-post-thumbnail","hentry","category-avem"],"_links":{"self":[{"href":"https:\/\/www.evearly.news\/fr\/wp-json\/wp\/v2\/posts\/318825","targetHints":{"allow":["GET"]}}],"collection":[{"href":"https:\/\/www.evearly.news\/fr\/wp-json\/wp\/v2\/posts"}],"about":[{"href":"https:\/\/www.evearly.news\/fr\/wp-json\/wp\/v2\/types\/post"}],"author":[{"embeddable":true,"href":"https:\/\/www.evearly.news\/fr\/wp-json\/wp\/v2\/users\/3"}],"replies":[{"embeddable":true,"href":"https:\/\/www.evearly.news\/fr\/wp-json\/wp\/v2\/comments?post=318825"}],"version-history":[{"count":0,"href":"https:\/\/www.evearly.news\/fr\/wp-json\/wp\/v2\/posts\/318825\/revisions"}],"wp:featuredmedia":[{"embeddable":true,"href":"https:\/\/www.evearly.news\/fr\/wp-json\/wp\/v2\/media\/318826"}],"wp:attachment":[{"href":"https:\/\/www.evearly.news\/fr\/wp-json\/wp\/v2\/media?parent=318825"}],"wp:term":[{"taxonomy":"category","embeddable":true,"href":"https:\/\/www.evearly.news\/fr\/wp-json\/wp\/v2\/categories?post=318825"},{"taxonomy":"post_tag","embeddable":true,"href":"https:\/\/www.evearly.news\/fr\/wp-json\/wp\/v2\/tags?post=318825"}],"curies":[{"name":"wp","href":"https:\/\/api.w.org\/{rel}","templated":true}]}}