{"id":318830,"date":"2026-03-14T12:27:53","date_gmt":"2026-03-14T11:27:53","guid":{"rendered":"https:\/\/www.evearly.news\/fr\/voiture-a-prolongateur-dautonomie-subaru-etudie-une-idee-etonnante\/"},"modified":"2026-03-14T12:27:53","modified_gmt":"2026-03-14T11:27:53","slug":"voiture-a-prolongateur-dautonomie-subaru-etudie-une-idee-etonnante","status":"publish","type":"post","link":"https:\/\/www.evearly.news\/fr\/voiture-a-prolongateur-dautonomie-subaru-etudie-une-idee-etonnante\/","title":{"rendered":"Voiture \u00e0 prolongateur d\u2019autonomie : Subaru \u00e9tudie une id\u00e9e \u00e9tonnante"},"content":{"rendered":"<p><img loading=\"lazy\" decoding=\"async\" width=\"500\" height=\"333\" src=\"https:\/\/www.evearly.news\/fr\/wp-content\/uploads\/sites\/6\/2026\/03\/voiture-a-prolongateur-dautonomie-subaru-etudie-une-idee-etonnante.jpg\" class=\"attachment-1200x800 size-1200x800 wp-post-image\" alt=\"Concept Chrysler Turbine en 1963\" srcset=\"https:\/\/www.evearly.news\/fr\/wp-content\/uploads\/sites\/6\/2026\/03\/voiture-a-prolongateur-dautonomie-subaru-etudie-une-idee-etonnante.jpg 1024w, https:\/\/www.evearly.news\/fr\/wp-content\/uploads\/sites\/6\/2026\/03\/voiture-a-prolongateur-dautonomie-subaru-etudie-une-idee-etonnante-1.jpg 768w, https:\/\/www.evearly.news\/fr\/wp-content\/uploads\/sites\/6\/2026\/03\/voiture-a-prolongateur-dautonomie-subaru-etudie-une-idee-etonnante-2.jpg 623w, https:\/\/cdn.automobile-propre.com\/uploads\/2026\/03\/1963_Chrysler_Turbin-960x720.jpg 960w\" sizes=\"auto, (max-width: 1024px) 100vw, 1024px\" \/><br \/>\nLe d\u00e9veloppement du prolongateur d&rsquo;autonomie ouvre les perspectives \u00e0 d&rsquo;autres solutions techniques qu&rsquo;un simple moteur \u00e0 pistons. Au nombre des pistes explor\u00e9es par les constructeurs et \u00e9quipementiers, il y a la turbine.\u00a0<a href=https:\/\/www.automobile-propre.com\/breves\/voiture-a-prolongateur-dautonomie-subaru-etudie-une-idee-etonnante\/ target='bwindow'>Lire la suite&#8230;<\/a><\/p>\n","protected":false},"excerpt":{"rendered":"<p>&#8230; <a class=\"continue-reading-link\" href=\"https:\/\/www.evearly.news\/fr\/voiture-a-prolongateur-dautonomie-subaru-etudie-une-idee-etonnante\/\"><\/a><\/p>\n","protected":false},"author":8,"featured_media":318831,"comment_status":"closed","ping_status":"open","sticky":false,"template":"Default","format":"standard","meta":{"footnotes":""},"categories":[8],"tags":[],"class_list":["post-318830","post","type-post","status-publish","format-standard","has-post-thumbnail","hentry","category-automobile-propre"],"_links":{"self":[{"href":"https:\/\/www.evearly.news\/fr\/wp-json\/wp\/v2\/posts\/318830","targetHints":{"allow":["GET"]}}],"collection":[{"href":"https:\/\/www.evearly.news\/fr\/wp-json\/wp\/v2\/posts"}],"about":[{"href":"https:\/\/www.evearly.news\/fr\/wp-json\/wp\/v2\/types\/post"}],"author":[{"embeddable":true,"href":"https:\/\/www.evearly.news\/fr\/wp-json\/wp\/v2\/users\/8"}],"replies":[{"embeddable":true,"href":"https:\/\/www.evearly.news\/fr\/wp-json\/wp\/v2\/comments?post=318830"}],"version-history":[{"count":0,"href":"https:\/\/www.evearly.news\/fr\/wp-json\/wp\/v2\/posts\/318830\/revisions"}],"wp:featuredmedia":[{"embeddable":true,"href":"https:\/\/www.evearly.news\/fr\/wp-json\/wp\/v2\/media\/318831"}],"wp:attachment":[{"href":"https:\/\/www.evearly.news\/fr\/wp-json\/wp\/v2\/media?parent=318830"}],"wp:term":[{"taxonomy":"category","embeddable":true,"href":"https:\/\/www.evearly.news\/fr\/wp-json\/wp\/v2\/categories?post=318830"},{"taxonomy":"post_tag","embeddable":true,"href":"https:\/\/www.evearly.news\/fr\/wp-json\/wp\/v2\/tags?post=318830"}],"curies":[{"name":"wp","href":"https:\/\/api.w.org\/{rel}","templated":true}]}}