{"id":318832,"date":"2026-03-14T12:45:16","date_gmt":"2026-03-14T11:45:16","guid":{"rendered":"https:\/\/www.evearly.news\/fr\/actualite-mon-premier-long-trajet-en-voiture-electrique-sans-recharger-pourquoi-le-mercedes-cla-change-la-donne\/"},"modified":"2026-03-14T12:45:16","modified_gmt":"2026-03-14T11:45:16","slug":"actualite-mon-premier-long-trajet-en-voiture-electrique-sans-recharger-pourquoi-le-mercedes-cla-change-la-donne","status":"publish","type":"post","link":"https:\/\/www.evearly.news\/fr\/actualite-mon-premier-long-trajet-en-voiture-electrique-sans-recharger-pourquoi-le-mercedes-cla-change-la-donne\/","title":{"rendered":"Actualit\u00e9 : Mon premier long trajet en voiture \u00e9lectrique sans recharger\u00a0: pourquoi le Mercedes CLA change la donne"},"content":{"rendered":"<p><img src='https:\/\/www.evearly.news\/fr\/wp-content\/uploads\/sites\/6\/2026\/03\/actualite-mon-premier-long-trajet-en-voiture-electrique-sans-recharger-pourquoi-le-mercedes-cla-change-la-donne.jpg' alt='Les Num\u00e9riques' \/>Peut-on enfin voyager aussi sereinement \u00e0 bord d&rsquo;une voiture \u00e9lectrique que d&rsquo;une thermique\u00a0? C&rsquo;est ce que j&rsquo;ai voulu v\u00e9rifier au volant du Mercedes CLA \u00e9lectrique, un mod\u00e8le qui brille par son efficience et son autonomie \u00e0 haute vitesse. <a href=https:\/\/www.lesnumeriques.com\/voiture-electrique\/mon-premier-long-trajet-en-voiture-electrique-sans-recharger-pourquoi-le-mercedes-cla-change-la-donne-n252704.html target='bwindow'>Lire la suite&#8230;<\/a><\/p>\n","protected":false},"excerpt":{"rendered":"<p>Peut-on enfin voyager aussi sereinement \u00e0 bord d&rsquo;une voiture \u00e9lectrique que d&rsquo;une thermique\u00a0? C&rsquo;est ce que j&rsquo;ai voulu v\u00e9rifier au volant du Mercedes CLA \u00e9lectrique, un mod\u00e8le qui brille par son&#8230; <a class=\"continue-reading-link\" href=\"https:\/\/www.evearly.news\/fr\/actualite-mon-premier-long-trajet-en-voiture-electrique-sans-recharger-pourquoi-le-mercedes-cla-change-la-donne\/\"><\/a><\/p>\n","protected":false},"author":15,"featured_media":318833,"comment_status":"closed","ping_status":"open","sticky":false,"template":"Default","format":"standard","meta":{"footnotes":""},"categories":[16],"tags":[],"class_list":["post-318832","post","type-post","status-publish","format-standard","has-post-thumbnail","hentry","category-lesnumeriques"],"_links":{"self":[{"href":"https:\/\/www.evearly.news\/fr\/wp-json\/wp\/v2\/posts\/318832","targetHints":{"allow":["GET"]}}],"collection":[{"href":"https:\/\/www.evearly.news\/fr\/wp-json\/wp\/v2\/posts"}],"about":[{"href":"https:\/\/www.evearly.news\/fr\/wp-json\/wp\/v2\/types\/post"}],"author":[{"embeddable":true,"href":"https:\/\/www.evearly.news\/fr\/wp-json\/wp\/v2\/users\/15"}],"replies":[{"embeddable":true,"href":"https:\/\/www.evearly.news\/fr\/wp-json\/wp\/v2\/comments?post=318832"}],"version-history":[{"count":0,"href":"https:\/\/www.evearly.news\/fr\/wp-json\/wp\/v2\/posts\/318832\/revisions"}],"wp:featuredmedia":[{"embeddable":true,"href":"https:\/\/www.evearly.news\/fr\/wp-json\/wp\/v2\/media\/318833"}],"wp:attachment":[{"href":"https:\/\/www.evearly.news\/fr\/wp-json\/wp\/v2\/media?parent=318832"}],"wp:term":[{"taxonomy":"category","embeddable":true,"href":"https:\/\/www.evearly.news\/fr\/wp-json\/wp\/v2\/categories?post=318832"},{"taxonomy":"post_tag","embeddable":true,"href":"https:\/\/www.evearly.news\/fr\/wp-json\/wp\/v2\/tags?post=318832"}],"curies":[{"name":"wp","href":"https:\/\/api.w.org\/{rel}","templated":true}]}}