{"id":318839,"date":"2026-03-14T16:28:04","date_gmt":"2026-03-14T15:28:04","guid":{"rendered":"https:\/\/www.evearly.news\/fr\/alpine-renforce-son-reseau-en-france-un-rencentrage-strategique-pour-mieux-vendre-ses-voitures-electriques\/"},"modified":"2026-03-14T16:28:04","modified_gmt":"2026-03-14T15:28:04","slug":"alpine-renforce-son-reseau-en-france-un-rencentrage-strategique-pour-mieux-vendre-ses-voitures-electriques","status":"publish","type":"post","link":"https:\/\/www.evearly.news\/fr\/alpine-renforce-son-reseau-en-france-un-rencentrage-strategique-pour-mieux-vendre-ses-voitures-electriques\/","title":{"rendered":"Alpine renforce son r\u00e9seau en France : un rencentrage strat\u00e9gique pour mieux vendre ses voitures \u00e9lectriques"},"content":{"rendered":"<p><img decoding=\"async\" width=\"500\" height=\"333\" src=\"https:\/\/www.evearly.news\/fr\/wp-content\/uploads\/sites\/6\/2026\/03\/alpine-renforce-son-reseau-en-france-un-rencentrage-strategique-pour-mieux-vendre-ses-voitures-electriques.jpg\" class=\"attachment-1200x800 size-1200x800 wp-post-image\" alt=\"\" loading=\"lazy\" srcset=\"https:\/\/www.evearly.news\/fr\/wp-content\/uploads\/sites\/6\/2026\/03\/alpine-renforce-son-reseau-en-france-un-rencentrage-strategique-pour-mieux-vendre-ses-voitures-electriques.jpg 1680w, https:\/\/www.evearly.news\/fr\/wp-content\/uploads\/sites\/6\/2026\/03\/alpine-renforce-son-reseau-en-france-un-rencentrage-strategique-pour-mieux-vendre-ses-voitures-electriques-1.jpg 1640w, https:\/\/www.evearly.news\/fr\/wp-content\/uploads\/sites\/6\/2026\/03\/alpine-renforce-son-reseau-en-france-un-rencentrage-strategique-pour-mieux-vendre-ses-voitures-electriques-2.jpg 1024w, https:\/\/www.evearly.news\/fr\/wp-content\/uploads\/sites\/6\/2026\/03\/alpine-renforce-son-reseau-en-france-un-rencentrage-strategique-pour-mieux-vendre-ses-voitures-electriques-3.jpg 768w, https:\/\/www.evearly.news\/fr\/wp-content\/uploads\/sites\/6\/2026\/03\/alpine-renforce-son-reseau-en-france-un-rencentrage-strategique-pour-mieux-vendre-ses-voitures-electriques-4.jpg 1536w, https:\/\/www.evearly.news\/fr\/wp-content\/uploads\/sites\/6\/2026\/03\/alpine-renforce-son-reseau-en-france-un-rencentrage-strategique-pour-mieux-vendre-ses-voitures-electriques-5.jpg 623w, https:\/\/cdn.automobile-propre.com\/uploads\/2026\/03\/Alpine-voitures-electrique-extension-reseau-france-960x720.jpg 960w\" sizes=\"auto, (max-width: 1067px) 100vw, 1067px\" \/><br \/>\nAlpine annonce le d\u00e9ploiement de 41 nouveaux points de vente et de service en France dans les prochains mois. Officiellement,\u2026\u00a0<a href=https:\/\/www.automobile-propre.com\/articles\/alpine-renforce-son-reseau-en-france-un-rencentrage-strategique-pour-mieux-vendre-ses-voitures-electriques\/ target='bwindow'>Lire la suite&#8230;<\/a><\/p>\n","protected":false},"excerpt":{"rendered":"<p>&#8230; <a class=\"continue-reading-link\" href=\"https:\/\/www.evearly.news\/fr\/alpine-renforce-son-reseau-en-france-un-rencentrage-strategique-pour-mieux-vendre-ses-voitures-electriques\/\"><\/a><\/p>\n","protected":false},"author":8,"featured_media":318840,"comment_status":"closed","ping_status":"open","sticky":false,"template":"Default","format":"standard","meta":{"footnotes":""},"categories":[8],"tags":[],"class_list":["post-318839","post","type-post","status-publish","format-standard","has-post-thumbnail","hentry","category-automobile-propre"],"_links":{"self":[{"href":"https:\/\/www.evearly.news\/fr\/wp-json\/wp\/v2\/posts\/318839","targetHints":{"allow":["GET"]}}],"collection":[{"href":"https:\/\/www.evearly.news\/fr\/wp-json\/wp\/v2\/posts"}],"about":[{"href":"https:\/\/www.evearly.news\/fr\/wp-json\/wp\/v2\/types\/post"}],"author":[{"embeddable":true,"href":"https:\/\/www.evearly.news\/fr\/wp-json\/wp\/v2\/users\/8"}],"replies":[{"embeddable":true,"href":"https:\/\/www.evearly.news\/fr\/wp-json\/wp\/v2\/comments?post=318839"}],"version-history":[{"count":0,"href":"https:\/\/www.evearly.news\/fr\/wp-json\/wp\/v2\/posts\/318839\/revisions"}],"wp:featuredmedia":[{"embeddable":true,"href":"https:\/\/www.evearly.news\/fr\/wp-json\/wp\/v2\/media\/318840"}],"wp:attachment":[{"href":"https:\/\/www.evearly.news\/fr\/wp-json\/wp\/v2\/media?parent=318839"}],"wp:term":[{"taxonomy":"category","embeddable":true,"href":"https:\/\/www.evearly.news\/fr\/wp-json\/wp\/v2\/categories?post=318839"},{"taxonomy":"post_tag","embeddable":true,"href":"https:\/\/www.evearly.news\/fr\/wp-json\/wp\/v2\/tags?post=318839"}],"curies":[{"name":"wp","href":"https:\/\/api.w.org\/{rel}","templated":true}]}}