{"id":318860,"date":"2026-03-15T14:25:21","date_gmt":"2026-03-15T13:25:21","guid":{"rendered":"https:\/\/www.evearly.news\/fr\/denza-z9gt-voiture-electrique-a-tres-haute-vitesse-de-recharge\/"},"modified":"2026-03-15T14:25:21","modified_gmt":"2026-03-15T13:25:21","slug":"denza-z9gt-voiture-electrique-a-tres-haute-vitesse-de-recharge","status":"publish","type":"post","link":"https:\/\/www.evearly.news\/fr\/denza-z9gt-voiture-electrique-a-tres-haute-vitesse-de-recharge\/","title":{"rendered":"Denza Z9GT, voiture \u00e9lectrique \u00e0 tr\u00e8s haute vitesse de recharge"},"content":{"rendered":"<p><img width=\"1000\" height=\"563\" src=\"https:\/\/www.evearly.news\/fr\/wp-content\/uploads\/sites\/6\/2026\/03\/denza-z9gt-voiture-electrique-a-tres-haute-vitesse-de-recharge.jpg\" class=\"attachment-post-thumbnail size-post-thumbnail wp-post-image\" alt=\"Break \u00e9lectrique Denza Z9GT\" decoding=\"async\" fetchpriority=\"high\" srcset=\"https:\/\/www.evearly.news\/fr\/wp-content\/uploads\/sites\/6\/2026\/03\/denza-z9gt-voiture-electrique-a-tres-haute-vitesse-de-recharge.jpg 1000w, https:\/\/www.evearly.news\/fr\/wp-content\/uploads\/sites\/6\/2026\/03\/denza-z9gt-voiture-electrique-a-tres-haute-vitesse-de-recharge-1.jpg 300w, https:\/\/www.evearly.news\/fr\/wp-content\/uploads\/sites\/6\/2026\/03\/denza-z9gt-voiture-electrique-a-tres-haute-vitesse-de-recharge-2.jpg 998w, https:\/\/www.avem.fr\/wp-content\/uploads\/2026\/03\/ACTG0315_Denza2-768x432.jpg 768w\" sizes=\"(max-width: 1000px) 100vw, 1000px\" \/>Marque haut de gamme de BYD, Denza va pr\u00e9senter en avril \u00e0 Paris son break Z9GT tr\u00e8s performant. Au-del\u00e0 de la puissance de sa motorisation, c\u2019est par sa recharge ultrarapide qu\u2019il compte se d\u00e9marquer\u2026 \u00e0 condition qu\u2019il soit branch\u00e9 sur des bornes sp\u00e9cifiques. \u00a0 10-97 % en 9 minutes Dans [\u2026] <a href=https:\/\/www.avem.fr\/2026\/03\/15\/denza-z9gt-voiture-electrique-a-tres-haute-vitesse-de-recharge\/ target=blank>Lire la suite&#8230;<\/a><\/p>\n","protected":false},"excerpt":{"rendered":"<p><img loading=\"lazy\" decoding=\"async\" width=\"1000\" height=\"563\" src=\"https:\/\/www.evearly.news\/fr\/wp-content\/uploads\/sites\/6\/2026\/03\/denza-z9gt-voiture-electrique-a-tres-haute-vitesse-de-recharge.jpg\" class=\"attachment-post-thumbnail size-post-thumbnail wp-post-image\" alt=\"Break \u00e9lectrique Denza Z9GT\" \/>Marque haut de gamme de BYD, Denza va pr\u00e9senter en avril \u00e0 Paris son break Z9GT tr\u00e8s performant. Au-del\u00e0 de la puissance de sa motorisation, c\u2019est par sa recharge ultrarapide qu\u2019il compte se d\u00e9marquer\u2026 \u00e0 condition qu\u2019il soit branch\u00e9 sur des bornes sp\u00e9cifiques. \u00a0 10-97 % en 9 minutes Dans [\u2026] <a class=\"continue-reading-link\" href=\"https:\/\/www.evearly.news\/fr\/denza-z9gt-voiture-electrique-a-tres-haute-vitesse-de-recharge\/\"><\/a><\/p>\n","protected":false},"author":3,"featured_media":318861,"comment_status":"closed","ping_status":"open","sticky":false,"template":"Default","format":"standard","meta":{"footnotes":""},"categories":[3],"tags":[],"class_list":["post-318860","post","type-post","status-publish","format-standard","has-post-thumbnail","hentry","category-avem"],"_links":{"self":[{"href":"https:\/\/www.evearly.news\/fr\/wp-json\/wp\/v2\/posts\/318860","targetHints":{"allow":["GET"]}}],"collection":[{"href":"https:\/\/www.evearly.news\/fr\/wp-json\/wp\/v2\/posts"}],"about":[{"href":"https:\/\/www.evearly.news\/fr\/wp-json\/wp\/v2\/types\/post"}],"author":[{"embeddable":true,"href":"https:\/\/www.evearly.news\/fr\/wp-json\/wp\/v2\/users\/3"}],"replies":[{"embeddable":true,"href":"https:\/\/www.evearly.news\/fr\/wp-json\/wp\/v2\/comments?post=318860"}],"version-history":[{"count":0,"href":"https:\/\/www.evearly.news\/fr\/wp-json\/wp\/v2\/posts\/318860\/revisions"}],"wp:featuredmedia":[{"embeddable":true,"href":"https:\/\/www.evearly.news\/fr\/wp-json\/wp\/v2\/media\/318861"}],"wp:attachment":[{"href":"https:\/\/www.evearly.news\/fr\/wp-json\/wp\/v2\/media?parent=318860"}],"wp:term":[{"taxonomy":"category","embeddable":true,"href":"https:\/\/www.evearly.news\/fr\/wp-json\/wp\/v2\/categories?post=318860"},{"taxonomy":"post_tag","embeddable":true,"href":"https:\/\/www.evearly.news\/fr\/wp-json\/wp\/v2\/tags?post=318860"}],"curies":[{"name":"wp","href":"https:\/\/api.w.org\/{rel}","templated":true}]}}