{"id":318862,"date":"2026-03-15T15:27:40","date_gmt":"2026-03-15T14:27:40","guid":{"rendered":"https:\/\/www.evearly.news\/fr\/plus-de-130-voitures-electriques-proposees-aux-encheres-a-lorient-le-20-mars-2026\/"},"modified":"2026-03-15T15:27:40","modified_gmt":"2026-03-15T14:27:40","slug":"plus-de-130-voitures-electriques-proposees-aux-encheres-a-lorient-le-20-mars-2026","status":"publish","type":"post","link":"https:\/\/www.evearly.news\/fr\/plus-de-130-voitures-electriques-proposees-aux-encheres-a-lorient-le-20-mars-2026\/","title":{"rendered":"Plus de 130 voitures \u00e9lectriques propos\u00e9es aux ench\u00e8res \u00e0 Lorient le 20 mars 2026"},"content":{"rendered":"<p><img decoding=\"async\" width=\"500\" height=\"333\" src=\"https:\/\/www.evearly.news\/fr\/wp-content\/uploads\/sites\/6\/2026\/03\/plus-de-130-voitures-electriques-proposees-aux-encheres-a-lorient-le-20-mars-2026.jpg\" class=\"attachment-1200x800 size-1200x800 wp-post-image\" alt=\"Vente de voitures \u00e9lectriques\" loading=\"lazy\" srcset=\"https:\/\/www.evearly.news\/fr\/wp-content\/uploads\/sites\/6\/2026\/03\/plus-de-130-voitures-electriques-proposees-aux-encheres-a-lorient-le-20-mars-2026.jpg 1200w, https:\/\/www.evearly.news\/fr\/wp-content\/uploads\/sites\/6\/2026\/03\/plus-de-130-voitures-electriques-proposees-aux-encheres-a-lorient-le-20-mars-2026-1.jpg 1024w, https:\/\/www.evearly.news\/fr\/wp-content\/uploads\/sites\/6\/2026\/03\/plus-de-130-voitures-electriques-proposees-aux-encheres-a-lorient-le-20-mars-2026-2.jpg 140w, https:\/\/www.evearly.news\/fr\/wp-content\/uploads\/sites\/6\/2026\/03\/plus-de-130-voitures-electriques-proposees-aux-encheres-a-lorient-le-20-mars-2026-3.jpg 768w, https:\/\/www.evearly.news\/fr\/wp-content\/uploads\/sites\/6\/2026\/03\/plus-de-130-voitures-electriques-proposees-aux-encheres-a-lorient-le-20-mars-2026-4.jpg 700w, https:\/\/www.evearly.news\/fr\/wp-content\/uploads\/sites\/6\/2026\/03\/plus-de-130-voitures-electriques-proposees-aux-encheres-a-lorient-le-20-mars-2026-5.jpg 960w, https:\/\/cdn.automobile-propre.com\/uploads\/2026\/03\/APG0312_cEnchVE-100x66.jpg 100w\" sizes=\"auto, (max-width: 1200px) 100vw, 1200px\" \/><br \/>\nC\u2019est tr\u00e8s certainement une premi\u00e8re en France qu\u2019autant de voitures \u00e9lectriques soient propos\u00e9es dans une m\u00eame s\u00e9ance de ventes aux\u2026\u00a0<a href=https:\/\/www.automobile-propre.com\/articles\/plus-de-130-voitures-electriques-proposees-aux-encheres-a-lorient-le-20-mars-2026\/ target='bwindow'>Lire la suite&#8230;<\/a><\/p>\n","protected":false},"excerpt":{"rendered":"<p>&#8230; <a class=\"continue-reading-link\" href=\"https:\/\/www.evearly.news\/fr\/plus-de-130-voitures-electriques-proposees-aux-encheres-a-lorient-le-20-mars-2026\/\"><\/a><\/p>\n","protected":false},"author":8,"featured_media":318863,"comment_status":"closed","ping_status":"open","sticky":false,"template":"Default","format":"standard","meta":{"footnotes":""},"categories":[8],"tags":[],"class_list":["post-318862","post","type-post","status-publish","format-standard","has-post-thumbnail","hentry","category-automobile-propre"],"_links":{"self":[{"href":"https:\/\/www.evearly.news\/fr\/wp-json\/wp\/v2\/posts\/318862","targetHints":{"allow":["GET"]}}],"collection":[{"href":"https:\/\/www.evearly.news\/fr\/wp-json\/wp\/v2\/posts"}],"about":[{"href":"https:\/\/www.evearly.news\/fr\/wp-json\/wp\/v2\/types\/post"}],"author":[{"embeddable":true,"href":"https:\/\/www.evearly.news\/fr\/wp-json\/wp\/v2\/users\/8"}],"replies":[{"embeddable":true,"href":"https:\/\/www.evearly.news\/fr\/wp-json\/wp\/v2\/comments?post=318862"}],"version-history":[{"count":0,"href":"https:\/\/www.evearly.news\/fr\/wp-json\/wp\/v2\/posts\/318862\/revisions"}],"wp:featuredmedia":[{"embeddable":true,"href":"https:\/\/www.evearly.news\/fr\/wp-json\/wp\/v2\/media\/318863"}],"wp:attachment":[{"href":"https:\/\/www.evearly.news\/fr\/wp-json\/wp\/v2\/media?parent=318862"}],"wp:term":[{"taxonomy":"category","embeddable":true,"href":"https:\/\/www.evearly.news\/fr\/wp-json\/wp\/v2\/categories?post=318862"},{"taxonomy":"post_tag","embeddable":true,"href":"https:\/\/www.evearly.news\/fr\/wp-json\/wp\/v2\/tags?post=318862"}],"curies":[{"name":"wp","href":"https:\/\/api.w.org\/{rel}","templated":true}]}}