{"id":318864,"date":"2026-03-15T16:27:58","date_gmt":"2026-03-15T15:27:58","guid":{"rendered":"https:\/\/www.evearly.news\/fr\/voila-combien-va-vraiment-couter-un-baril-de-petrole-a-100-aux-automobilistes-europeens\/"},"modified":"2026-03-15T16:27:58","modified_gmt":"2026-03-15T15:27:58","slug":"voila-combien-va-vraiment-couter-un-baril-de-petrole-a-100-aux-automobilistes-europeens","status":"publish","type":"post","link":"https:\/\/www.evearly.news\/fr\/voila-combien-va-vraiment-couter-un-baril-de-petrole-a-100-aux-automobilistes-europeens\/","title":{"rendered":"Voil\u00e0 combien va vraiment co\u00fbter un baril de p\u00e9trole \u00e0 100 $ aux automobilistes europ\u00e9ens"},"content":{"rendered":"<p><img decoding=\"async\" width=\"500\" height=\"333\" src=\"https:\/\/www.evearly.news\/fr\/wp-content\/uploads\/sites\/6\/2026\/03\/voila-combien-va-vraiment-couter-un-baril-de-petrole-a-100-aux-automobilistes-europeens.jpg\" class=\"attachment-1200x800 size-1200x800 wp-post-image\" alt=\"\" loading=\"lazy\" srcset=\"https:\/\/www.evearly.news\/fr\/wp-content\/uploads\/sites\/6\/2026\/03\/voila-combien-va-vraiment-couter-un-baril-de-petrole-a-100-aux-automobilistes-europeens.jpg 1680w, https:\/\/www.evearly.news\/fr\/wp-content\/uploads\/sites\/6\/2026\/03\/voila-combien-va-vraiment-couter-un-baril-de-petrole-a-100-aux-automobilistes-europeens-1.jpg 1640w, https:\/\/www.evearly.news\/fr\/wp-content\/uploads\/sites\/6\/2026\/03\/voila-combien-va-vraiment-couter-un-baril-de-petrole-a-100-aux-automobilistes-europeens-2.jpg 1024w, https:\/\/www.evearly.news\/fr\/wp-content\/uploads\/sites\/6\/2026\/03\/voila-combien-va-vraiment-couter-un-baril-de-petrole-a-100-aux-automobilistes-europeens-3.jpg 768w, https:\/\/www.evearly.news\/fr\/wp-content\/uploads\/sites\/6\/2026\/03\/voila-combien-va-vraiment-couter-un-baril-de-petrole-a-100-aux-automobilistes-europeens-4.jpg 1536w, https:\/\/www.evearly.news\/fr\/wp-content\/uploads\/sites\/6\/2026\/03\/voila-combien-va-vraiment-couter-un-baril-de-petrole-a-100-aux-automobilistes-europeens-5.jpg 623w, https:\/\/cdn.automobile-propre.com\/uploads\/2026\/03\/Baril-petrole-100-dollars-4-3-960x720.jpg 960w\" sizes=\"auto, (max-width: 1067px) 100vw, 1067px\" \/><br \/>\nLa flamb\u00e9e du prix du p\u00e9trole pourrait une nouvelle fois peser lourd sur le portefeuille des automobilistes europ\u00e9ens. Selon une\u2026\u00a0<a href=https:\/\/www.automobile-propre.com\/articles\/voila-combien-va-vraiment-couter-un-baril-de-petrole-a-100-aux-automobilistes-europeens\/ target='bwindow'>Lire la suite&#8230;<\/a><\/p>\n","protected":false},"excerpt":{"rendered":"<p>&#8230; <a class=\"continue-reading-link\" href=\"https:\/\/www.evearly.news\/fr\/voila-combien-va-vraiment-couter-un-baril-de-petrole-a-100-aux-automobilistes-europeens\/\"><\/a><\/p>\n","protected":false},"author":8,"featured_media":318865,"comment_status":"closed","ping_status":"open","sticky":false,"template":"Default","format":"standard","meta":{"footnotes":""},"categories":[8],"tags":[],"class_list":["post-318864","post","type-post","status-publish","format-standard","has-post-thumbnail","hentry","category-automobile-propre"],"_links":{"self":[{"href":"https:\/\/www.evearly.news\/fr\/wp-json\/wp\/v2\/posts\/318864","targetHints":{"allow":["GET"]}}],"collection":[{"href":"https:\/\/www.evearly.news\/fr\/wp-json\/wp\/v2\/posts"}],"about":[{"href":"https:\/\/www.evearly.news\/fr\/wp-json\/wp\/v2\/types\/post"}],"author":[{"embeddable":true,"href":"https:\/\/www.evearly.news\/fr\/wp-json\/wp\/v2\/users\/8"}],"replies":[{"embeddable":true,"href":"https:\/\/www.evearly.news\/fr\/wp-json\/wp\/v2\/comments?post=318864"}],"version-history":[{"count":0,"href":"https:\/\/www.evearly.news\/fr\/wp-json\/wp\/v2\/posts\/318864\/revisions"}],"wp:featuredmedia":[{"embeddable":true,"href":"https:\/\/www.evearly.news\/fr\/wp-json\/wp\/v2\/media\/318865"}],"wp:attachment":[{"href":"https:\/\/www.evearly.news\/fr\/wp-json\/wp\/v2\/media?parent=318864"}],"wp:term":[{"taxonomy":"category","embeddable":true,"href":"https:\/\/www.evearly.news\/fr\/wp-json\/wp\/v2\/categories?post=318864"},{"taxonomy":"post_tag","embeddable":true,"href":"https:\/\/www.evearly.news\/fr\/wp-json\/wp\/v2\/tags?post=318864"}],"curies":[{"name":"wp","href":"https:\/\/api.w.org\/{rel}","templated":true}]}}