{"id":318870,"date":"2026-03-16T08:25:17","date_gmt":"2026-03-16T07:25:17","guid":{"rendered":"https:\/\/www.evearly.news\/fr\/mercedes-devoile-le-nouveau-vle-un-van-aux-allures-de-limousine\/"},"modified":"2026-03-16T08:25:17","modified_gmt":"2026-03-16T07:25:17","slug":"mercedes-devoile-le-nouveau-vle-un-van-aux-allures-de-limousine","status":"publish","type":"post","link":"https:\/\/www.evearly.news\/fr\/mercedes-devoile-le-nouveau-vle-un-van-aux-allures-de-limousine\/","title":{"rendered":"Mercedes d\u00e9voile le nouveau VLE, un Van aux allures de limousine"},"content":{"rendered":"<p><img width=\"1000\" height=\"563\" src=\"https:\/\/www.evearly.news\/fr\/wp-content\/uploads\/sites\/6\/2026\/03\/mercedes-devoile-le-nouveau-vle-un-van-aux-allures-de-limousine.jpg\" class=\"attachment-post-thumbnail size-post-thumbnail wp-post-image\" alt=\"Mercedes Nouveau VLE Van\" decoding=\"async\" fetchpriority=\"high\" srcset=\"https:\/\/www.evearly.news\/fr\/wp-content\/uploads\/sites\/6\/2026\/03\/mercedes-devoile-le-nouveau-vle-un-van-aux-allures-de-limousine.jpg 1000w, https:\/\/www.evearly.news\/fr\/wp-content\/uploads\/sites\/6\/2026\/03\/mercedes-devoile-le-nouveau-vle-un-van-aux-allures-de-limousine-1.jpg 300w, https:\/\/www.evearly.news\/fr\/wp-content\/uploads\/sites\/6\/2026\/03\/mercedes-devoile-le-nouveau-vle-un-van-aux-allures-de-limousine-2.jpg 998w, https:\/\/www.avem.fr\/wp-content\/uploads\/2026\/03\/Mercedes-nouveau-VLE-Une-768x432.jpg 768w\" sizes=\"(max-width: 1000px) 100vw, 1000px\" \/>Mercedes vient de d\u00e9voiler son nouveau VLE, un Van premium 100% \u00e9lectrique con\u00e7u pour voyager. Le VLE allie le confort et la maniabilit\u00e9 d\u2019une limousine \u00e0 l\u2019espace, la polyvalence et la flexibilit\u00e9 d\u2019un monospace. Reposant sur la nouvelle plateforme Van Architecture, le VLE offre jusqu\u2019\u00e0 700 km d\u2019autonomie pour voyager [\u2026] <a href=https:\/\/www.avem.fr\/2026\/03\/16\/mercedes-devoile-le-nouveau-vle-un-van-aux-allures-de-limousine\/ target=blank>Lire la suite&#8230;<\/a><\/p>\n","protected":false},"excerpt":{"rendered":"<p><img loading=\"lazy\" decoding=\"async\" width=\"1000\" height=\"563\" src=\"https:\/\/www.evearly.news\/fr\/wp-content\/uploads\/sites\/6\/2026\/03\/mercedes-devoile-le-nouveau-vle-un-van-aux-allures-de-limousine.jpg\" class=\"attachment-post-thumbnail size-post-thumbnail wp-post-image\" alt=\"Mercedes Nouveau VLE Van\" \/>Mercedes vient de d\u00e9voiler son nouveau VLE, un Van premium 100% \u00e9lectrique con\u00e7u pour voyager. Le VLE allie le confort et la maniabilit\u00e9 d\u2019une limousine \u00e0 l\u2019espace, la polyvalence et la flexibilit\u00e9 d\u2019un monospace. Reposant sur la nouvelle plateforme Van Architecture, le VLE offre jusqu\u2019\u00e0 700 km d\u2019autonomie pour voyager [\u2026] <a class=\"continue-reading-link\" href=\"https:\/\/www.evearly.news\/fr\/mercedes-devoile-le-nouveau-vle-un-van-aux-allures-de-limousine\/\"><\/a><\/p>\n","protected":false},"author":3,"featured_media":318871,"comment_status":"closed","ping_status":"open","sticky":false,"template":"Default","format":"standard","meta":{"footnotes":""},"categories":[3],"tags":[],"class_list":["post-318870","post","type-post","status-publish","format-standard","has-post-thumbnail","hentry","category-avem"],"_links":{"self":[{"href":"https:\/\/www.evearly.news\/fr\/wp-json\/wp\/v2\/posts\/318870","targetHints":{"allow":["GET"]}}],"collection":[{"href":"https:\/\/www.evearly.news\/fr\/wp-json\/wp\/v2\/posts"}],"about":[{"href":"https:\/\/www.evearly.news\/fr\/wp-json\/wp\/v2\/types\/post"}],"author":[{"embeddable":true,"href":"https:\/\/www.evearly.news\/fr\/wp-json\/wp\/v2\/users\/3"}],"replies":[{"embeddable":true,"href":"https:\/\/www.evearly.news\/fr\/wp-json\/wp\/v2\/comments?post=318870"}],"version-history":[{"count":0,"href":"https:\/\/www.evearly.news\/fr\/wp-json\/wp\/v2\/posts\/318870\/revisions"}],"wp:featuredmedia":[{"embeddable":true,"href":"https:\/\/www.evearly.news\/fr\/wp-json\/wp\/v2\/media\/318871"}],"wp:attachment":[{"href":"https:\/\/www.evearly.news\/fr\/wp-json\/wp\/v2\/media?parent=318870"}],"wp:term":[{"taxonomy":"category","embeddable":true,"href":"https:\/\/www.evearly.news\/fr\/wp-json\/wp\/v2\/categories?post=318870"},{"taxonomy":"post_tag","embeddable":true,"href":"https:\/\/www.evearly.news\/fr\/wp-json\/wp\/v2\/tags?post=318870"}],"curies":[{"name":"wp","href":"https:\/\/api.w.org\/{rel}","templated":true}]}}