{"id":318908,"date":"2026-03-16T13:30:16","date_gmt":"2026-03-16T12:30:16","guid":{"rendered":"https:\/\/www.evearly.news\/fr\/prix-kia-ev2-le-petit-suv-electrique-veut-frapper-fort-face-a-la-renault-4\/"},"modified":"2026-03-16T13:30:16","modified_gmt":"2026-03-16T12:30:16","slug":"prix-kia-ev2-le-petit-suv-electrique-veut-frapper-fort-face-a-la-renault-4","status":"publish","type":"post","link":"https:\/\/www.evearly.news\/fr\/prix-kia-ev2-le-petit-suv-electrique-veut-frapper-fort-face-a-la-renault-4\/","title":{"rendered":"Prix Kia EV2 : le petit SUV \u00e9lectrique veut frapper fort face \u00e0 la Renault 4"},"content":{"rendered":"<p><img loading=\"lazy\" decoding=\"async\" width=\"500\" height=\"333\" src=\"https:\/\/cdn.automobile-propre.com\/uploads\/2026\/01\/Kia-EV2-suv-e\u0301lectrique-22.jpg\" class=\"attachment-1200x800 size-1200x800 wp-post-image\" alt=\"Kia EV2 bleu, vue trois-quarts avant, SUV \u00e9lectrique compact.\" srcset=\"https:\/\/cdn.automobile-propre.com\/uploads\/2026\/01\/Kia-EV2-suv-e\u0301lectrique-22.jpg 2048w, https:\/\/cdn.automobile-propre.com\/uploads\/2026\/01\/Kia-EV2-suv-e\u0301lectrique-22-1640x923.jpg 1640w, https:\/\/cdn.automobile-propre.com\/uploads\/2026\/01\/Kia-EV2-suv-e\u0301lectrique-22-1024x576.jpg 1024w, https:\/\/cdn.automobile-propre.com\/uploads\/2026\/01\/Kia-EV2-suv-e\u0301lectrique-22-768x432.jpg 768w, https:\/\/cdn.automobile-propre.com\/uploads\/2026\/01\/Kia-EV2-suv-e\u0301lectrique-22-1536x864.jpg 1536w, https:\/\/cdn.automobile-propre.com\/uploads\/2026\/01\/Kia-EV2-suv-e\u0301lectrique-22-700x394.jpg 700w, https:\/\/cdn.automobile-propre.com\/uploads\/2026\/01\/Kia-EV2-suv-e\u0301lectrique-22-960x540.jpg 960w\" sizes=\"auto, (max-width: 1200px) 100vw, 1200px\" \/><br \/>\nKia vient de d\u00e9voiler les prix de l&rsquo;EV2. Ils sont bien plac\u00e9s ! De plus, le petit SUV \u00e9tant made\u2026\u00a0<a href=https:\/\/www.automobile-propre.com\/articles\/prix-kia-ev2-le-petit-suv-electrique-veut-frapper-fort-face-a-la-renault-4\/ target='bwindow'>Lire la suite&#8230;<\/a><\/p>\n","protected":false},"excerpt":{"rendered":"<p>&#8230; <a class=\"continue-reading-link\" href=\"https:\/\/www.evearly.news\/fr\/prix-kia-ev2-le-petit-suv-electrique-veut-frapper-fort-face-a-la-renault-4\/\"><\/a><\/p>\n","protected":false},"author":8,"featured_media":0,"comment_status":"closed","ping_status":"open","sticky":false,"template":"Default","format":"standard","meta":{"footnotes":""},"categories":[8],"tags":[],"class_list":["post-318908","post","type-post","status-publish","format-standard","hentry","category-automobile-propre"],"_links":{"self":[{"href":"https:\/\/www.evearly.news\/fr\/wp-json\/wp\/v2\/posts\/318908","targetHints":{"allow":["GET"]}}],"collection":[{"href":"https:\/\/www.evearly.news\/fr\/wp-json\/wp\/v2\/posts"}],"about":[{"href":"https:\/\/www.evearly.news\/fr\/wp-json\/wp\/v2\/types\/post"}],"author":[{"embeddable":true,"href":"https:\/\/www.evearly.news\/fr\/wp-json\/wp\/v2\/users\/8"}],"replies":[{"embeddable":true,"href":"https:\/\/www.evearly.news\/fr\/wp-json\/wp\/v2\/comments?post=318908"}],"version-history":[{"count":0,"href":"https:\/\/www.evearly.news\/fr\/wp-json\/wp\/v2\/posts\/318908\/revisions"}],"wp:attachment":[{"href":"https:\/\/www.evearly.news\/fr\/wp-json\/wp\/v2\/media?parent=318908"}],"wp:term":[{"taxonomy":"category","embeddable":true,"href":"https:\/\/www.evearly.news\/fr\/wp-json\/wp\/v2\/categories?post=318908"},{"taxonomy":"post_tag","embeddable":true,"href":"https:\/\/www.evearly.news\/fr\/wp-json\/wp\/v2\/tags?post=318908"}],"curies":[{"name":"wp","href":"https:\/\/api.w.org\/{rel}","templated":true}]}}