{"id":318913,"date":"2026-03-16T14:31:51","date_gmt":"2026-03-16T13:31:51","guid":{"rendered":"https:\/\/www.evearly.news\/fr\/kia-ev2-gamme-complete-deux-batteries-et-prix-a-partir-de-26-670-e\/"},"modified":"2026-03-16T14:31:51","modified_gmt":"2026-03-16T13:31:51","slug":"kia-ev2-gamme-complete-deux-batteries-et-prix-a-partir-de-26-670-e","status":"publish","type":"post","link":"https:\/\/www.evearly.news\/fr\/kia-ev2-gamme-complete-deux-batteries-et-prix-a-partir-de-26-670-e\/","title":{"rendered":"Kia EV2 : gamme compl\u00e8te, deux batteries et prix \u00e0 partir de 26 670 \u20ac"},"content":{"rendered":"<div class=\"media_block\"><img decoding=\"async\" src=\"https:\/\/www.evearly.news\/fr\/wp-content\/uploads\/sites\/6\/2026\/03\/kia-ev2-gamme-complete-deux-batteries-et-prix-a-partir-de-26-670-e.jpg\"><\/div>\n<p>Apr\u00e8s une premi\u00e8re pr\u00e9sentation en d\u00e9but d\u2019ann\u00e9e, Kia pr\u00e9cise d\u00e9sormais la gamme et les tarifs de son nouveau petit SUV \u00e9lectrique EV2. Ce mod\u00e8le de 4,06 m, produit en Slovaquie pour le march\u00e9 europ\u00e9en, constitue la nouvelle porte d\u2019entr\u00e9e dans l\u2019univers \u00e9lectrique de la marque cor\u00e9enne. Positionn\u00e9 sur le segment B-SUV, l\u2019un des plus disput\u00e9s du moment, il affrontera notamment les Renault 4 E-Tech, Citro\u00ebn \u00eb-C3, Jeep Avenger ou encore Mini Aceman.\u00a0 <a href=https:\/\/www.automobile-magazine.fr\/voitures-electriques\/article\/51330-kia-ev2-gamme-complete-deux-batteries-et-prix-a-partir-de-26-670-eur target='bwindow'>Lire la suite&#8230;<\/a><\/p>\n","protected":false},"excerpt":{"rendered":"<div class=\"media_block\"><img decoding=\"async\" src=\"https:\/\/www.evearly.news\/fr\/wp-content\/uploads\/sites\/6\/2026\/03\/kia-ev2-gamme-complete-deux-batteries-et-prix-a-partir-de-26-670-e.jpg\"><\/div>\n<p> <a class=\"continue-reading-link\" href=\"https:\/\/www.evearly.news\/fr\/kia-ev2-gamme-complete-deux-batteries-et-prix-a-partir-de-26-670-e\/\"><\/a><\/p>\n","protected":false},"author":7,"featured_media":318914,"comment_status":"closed","ping_status":"open","sticky":false,"template":"Default","format":"standard","meta":{"footnotes":""},"categories":[7],"tags":[],"class_list":["post-318913","post","type-post","status-publish","format-standard","has-post-thumbnail","hentry","category-automobile-magazine"],"_links":{"self":[{"href":"https:\/\/www.evearly.news\/fr\/wp-json\/wp\/v2\/posts\/318913","targetHints":{"allow":["GET"]}}],"collection":[{"href":"https:\/\/www.evearly.news\/fr\/wp-json\/wp\/v2\/posts"}],"about":[{"href":"https:\/\/www.evearly.news\/fr\/wp-json\/wp\/v2\/types\/post"}],"author":[{"embeddable":true,"href":"https:\/\/www.evearly.news\/fr\/wp-json\/wp\/v2\/users\/7"}],"replies":[{"embeddable":true,"href":"https:\/\/www.evearly.news\/fr\/wp-json\/wp\/v2\/comments?post=318913"}],"version-history":[{"count":0,"href":"https:\/\/www.evearly.news\/fr\/wp-json\/wp\/v2\/posts\/318913\/revisions"}],"wp:featuredmedia":[{"embeddable":true,"href":"https:\/\/www.evearly.news\/fr\/wp-json\/wp\/v2\/media\/318914"}],"wp:attachment":[{"href":"https:\/\/www.evearly.news\/fr\/wp-json\/wp\/v2\/media?parent=318913"}],"wp:term":[{"taxonomy":"category","embeddable":true,"href":"https:\/\/www.evearly.news\/fr\/wp-json\/wp\/v2\/categories?post=318913"},{"taxonomy":"post_tag","embeddable":true,"href":"https:\/\/www.evearly.news\/fr\/wp-json\/wp\/v2\/tags?post=318913"}],"curies":[{"name":"wp","href":"https:\/\/api.w.org\/{rel}","templated":true}]}}