{"id":318937,"date":"2026-03-16T19:53:36","date_gmt":"2026-03-16T18:53:36","guid":{"rendered":"https:\/\/www.evearly.news\/fr\/volkswagen-id-cross-le-suv-electrique-a-28-000-e-qui-veut-faire-trembler-la-renault-4-e-tech\/"},"modified":"2026-03-16T19:53:36","modified_gmt":"2026-03-16T18:53:36","slug":"volkswagen-id-cross-le-suv-electrique-a-28-000-e-qui-veut-faire-trembler-la-renault-4-e-tech","status":"publish","type":"post","link":"https:\/\/www.evearly.news\/fr\/volkswagen-id-cross-le-suv-electrique-a-28-000-e-qui-veut-faire-trembler-la-renault-4-e-tech\/","title":{"rendered":"Volkswagen ID. Cross : le SUV \u00e9lectrique \u00e0 28 000 \u20ac qui veut faire trembler la Renault 4 E-Tech"},"content":{"rendered":"<p><img width=\"1200\" height=\"675\" src=\"https:\/\/www.evearly.news\/fr\/wp-content\/uploads\/sites\/6\/2026\/03\/volkswagen-id-cross-le-suv-electrique-a-28-000-e-qui-veut-faire-trembler-la-renault-4-e-tech.jpg\" class=\"attachment-full size-full wp-post-image\" alt=\"\" decoding=\"async\" loading=\"lazy\" \/<br \/>\nVolkswagen vient de d\u00e9voiler le tarif de sa future voiture \u00e9lectrique, l&rsquo;ID. Cross, version SUV de l&rsquo;ID. Polo \u00e9lectrique. Cette concurrente de la Renault 4 E-Tech d\u00e9voile \u00e9galement sa fiche technique, et les premiers journalistes ont pu la conduire, camoufl\u00e9e. Voici ce qu&rsquo;ils en ont pens\u00e9.<br \/>\n <a href=https:\/\/www.frandroid.com\/marques\/volkswagen\/3027891_volkswagen-id-cross-le-suv-electrique-a-28-000-e-qui-veut-faire-trembler-la-renault-4-e-tech target='blank'>Lire la suite&#8230;<\/a><\/p>\n","protected":false},"excerpt":{"rendered":"<p>&lt;img width=&quot;1200&quot; height=&quot;675&quot; src=&quot;https:\/\/www.evearly.news\/fr\/wp-content\/uploads\/sites\/6\/2026\/03\/volkswagen-id-cross-le-suv-electrique-a-28-000-e-qui-veut-faire-trembler-la-renault-4-e-tech.jpg&quot; class=&quot;attachment-full size-full wp-post-image&quot; alt=&quot;&quot; decoding=&quot;async&quot; loading=&quot;lazy&quot; \/<br \/>\nVolkswagen vient de d\u00e9voiler le tarif de sa future voiture \u00e9lectrique, l&rsquo;ID. Cross, version SUV de l&rsquo;ID. Polo \u00e9lectrique. Cette concurrente de la Renault 4 E-Tech d\u00e9voile \u00e9galement sa fiche technique, et les premiers journalistes ont pu la conduire, camoufl\u00e9e. Voici ce qu&rsquo;ils en ont pens\u00e9.\n<\/p>\n<p> <a class=\"continue-reading-link\" href=\"https:\/\/www.evearly.news\/fr\/volkswagen-id-cross-le-suv-electrique-a-28-000-e-qui-veut-faire-trembler-la-renault-4-e-tech\/\"><\/a><\/p>\n","protected":false},"author":6,"featured_media":318938,"comment_status":"closed","ping_status":"open","sticky":false,"template":"Default","format":"standard","meta":{"footnotes":""},"categories":[14],"tags":[],"class_list":["post-318937","post","type-post","status-publish","format-standard","has-post-thumbnail","hentry","category-frandroid"],"_links":{"self":[{"href":"https:\/\/www.evearly.news\/fr\/wp-json\/wp\/v2\/posts\/318937","targetHints":{"allow":["GET"]}}],"collection":[{"href":"https:\/\/www.evearly.news\/fr\/wp-json\/wp\/v2\/posts"}],"about":[{"href":"https:\/\/www.evearly.news\/fr\/wp-json\/wp\/v2\/types\/post"}],"author":[{"embeddable":true,"href":"https:\/\/www.evearly.news\/fr\/wp-json\/wp\/v2\/users\/6"}],"replies":[{"embeddable":true,"href":"https:\/\/www.evearly.news\/fr\/wp-json\/wp\/v2\/comments?post=318937"}],"version-history":[{"count":0,"href":"https:\/\/www.evearly.news\/fr\/wp-json\/wp\/v2\/posts\/318937\/revisions"}],"wp:featuredmedia":[{"embeddable":true,"href":"https:\/\/www.evearly.news\/fr\/wp-json\/wp\/v2\/media\/318938"}],"wp:attachment":[{"href":"https:\/\/www.evearly.news\/fr\/wp-json\/wp\/v2\/media?parent=318937"}],"wp:term":[{"taxonomy":"category","embeddable":true,"href":"https:\/\/www.evearly.news\/fr\/wp-json\/wp\/v2\/categories?post=318937"},{"taxonomy":"post_tag","embeddable":true,"href":"https:\/\/www.evearly.news\/fr\/wp-json\/wp\/v2\/tags?post=318937"}],"curies":[{"name":"wp","href":"https:\/\/api.w.org\/{rel}","templated":true}]}}