{"id":318939,"date":"2026-03-16T20:25:22","date_gmt":"2026-03-16T19:25:22","guid":{"rendered":"https:\/\/www.evearly.news\/fr\/kia-devoile-les-prix-de-son-suv-urbain-electrique-ev2-affiche-a-moins-de-20-000-e-avec-les-primes-a-lachat\/"},"modified":"2026-03-16T20:25:22","modified_gmt":"2026-03-16T19:25:22","slug":"kia-devoile-les-prix-de-son-suv-urbain-electrique-ev2-affiche-a-moins-de-20-000-e-avec-les-primes-a-lachat","status":"publish","type":"post","link":"https:\/\/www.evearly.news\/fr\/kia-devoile-les-prix-de-son-suv-urbain-electrique-ev2-affiche-a-moins-de-20-000-e-avec-les-primes-a-lachat\/","title":{"rendered":"Kia d\u00e9voile les prix de son SUV urbain \u00e9lectrique EV2, affich\u00e9 \u00e0 moins de 20 000 \u20ac avec les primes \u00e0 l\u2019achat"},"content":{"rendered":"<p><img decoding=\"async\" src=\"https:\/\/www.evearly.news\/fr\/wp-content\/uploads\/sites\/6\/2026\/03\/kia-devoile-les-prix-de-son-suv-urbain-electrique-ev2-affiche-a-moins-de-20-000-e-avec-les-primes-a-lachat.webp\" alt=\"auto-moto\"><br \/>\u00c0 l\u2019occasion de sa commercialisation officielle, le Kia EV2 r\u00e9v\u00e8le ses prix en France. Le petit SUV \u00e0 pile d\u00e9marre sous les 20 000 \u20ac en comptant les diff\u00e9rentes aides \u00e0 l\u2019achat. Les Renault 4 E-Tech et Jeep Avenger n\u2019ont qu\u2019\u00e0 bien se tenir ! <a href=https:\/\/www.auto-moto.com\/electrique\/prix-kia-ev2-71518 target=blank>Lire la suite&#8230;<\/a><\/p>\n","protected":false},"excerpt":{"rendered":"<p>\u00c0 l\u2019occasion de sa commercialisation officielle, le Kia EV2 r\u00e9v\u00e8le ses prix en France. Le petit SUV \u00e0 pile d\u00e9marre sous les 20 000 \u20ac en comptant les diff\u00e9rentes aides \u00e0 l\u2019achat. Les Renault 4 E-Tech et Jeep Avenger n\u2019ont qu\u2019\u00e0 bien se tenir !&#8230; <a class=\"continue-reading-link\" href=\"https:\/\/www.evearly.news\/fr\/kia-devoile-les-prix-de-son-suv-urbain-electrique-ev2-affiche-a-moins-de-20-000-e-avec-les-primes-a-lachat\/\"><\/a><\/p>\n","protected":false},"author":9,"featured_media":318940,"comment_status":"closed","ping_status":"open","sticky":false,"template":"Default","format":"standard","meta":{"footnotes":""},"categories":[10],"tags":[],"class_list":["post-318939","post","type-post","status-publish","format-standard","has-post-thumbnail","hentry","category-auto-moto-com"],"_links":{"self":[{"href":"https:\/\/www.evearly.news\/fr\/wp-json\/wp\/v2\/posts\/318939","targetHints":{"allow":["GET"]}}],"collection":[{"href":"https:\/\/www.evearly.news\/fr\/wp-json\/wp\/v2\/posts"}],"about":[{"href":"https:\/\/www.evearly.news\/fr\/wp-json\/wp\/v2\/types\/post"}],"author":[{"embeddable":true,"href":"https:\/\/www.evearly.news\/fr\/wp-json\/wp\/v2\/users\/9"}],"replies":[{"embeddable":true,"href":"https:\/\/www.evearly.news\/fr\/wp-json\/wp\/v2\/comments?post=318939"}],"version-history":[{"count":0,"href":"https:\/\/www.evearly.news\/fr\/wp-json\/wp\/v2\/posts\/318939\/revisions"}],"wp:featuredmedia":[{"embeddable":true,"href":"https:\/\/www.evearly.news\/fr\/wp-json\/wp\/v2\/media\/318940"}],"wp:attachment":[{"href":"https:\/\/www.evearly.news\/fr\/wp-json\/wp\/v2\/media?parent=318939"}],"wp:term":[{"taxonomy":"category","embeddable":true,"href":"https:\/\/www.evearly.news\/fr\/wp-json\/wp\/v2\/categories?post=318939"},{"taxonomy":"post_tag","embeddable":true,"href":"https:\/\/www.evearly.news\/fr\/wp-json\/wp\/v2\/tags?post=318939"}],"curies":[{"name":"wp","href":"https:\/\/api.w.org\/{rel}","templated":true}]}}