{"id":318941,"date":"2026-03-16T21:25:18","date_gmt":"2026-03-16T20:25:18","guid":{"rendered":"https:\/\/www.evearly.news\/fr\/avec-les-aides-le-kia-ev2-peut-tomber-sous-les-20-000-e\/"},"modified":"2026-03-16T21:25:18","modified_gmt":"2026-03-16T20:25:18","slug":"avec-les-aides-le-kia-ev2-peut-tomber-sous-les-20-000-e","status":"publish","type":"post","link":"https:\/\/www.evearly.news\/fr\/avec-les-aides-le-kia-ev2-peut-tomber-sous-les-20-000-e\/","title":{"rendered":"Avec les aides, le Kia EV2 peut tomber sous les 20 000 \u20ac"},"content":{"rendered":"<p><img width=\"1000\" height=\"563\" src=\"https:\/\/www.evearly.news\/fr\/wp-content\/uploads\/sites\/6\/2026\/03\/avec-les-aides-le-kia-ev2-peut-tomber-sous-les-20-000-e.jpg\" class=\"attachment-post-thumbnail size-post-thumbnail wp-post-image\" alt=\"Kia EV2\" decoding=\"async\" fetchpriority=\"high\" srcset=\"https:\/\/www.evearly.news\/fr\/wp-content\/uploads\/sites\/6\/2026\/03\/avec-les-aides-le-kia-ev2-peut-tomber-sous-les-20-000-e.jpg 1000w, https:\/\/www.evearly.news\/fr\/wp-content\/uploads\/sites\/6\/2026\/03\/avec-les-aides-le-kia-ev2-peut-tomber-sous-les-20-000-e-1.jpg 300w, https:\/\/www.evearly.news\/fr\/wp-content\/uploads\/sites\/6\/2026\/03\/avec-les-aides-le-kia-ev2-peut-tomber-sous-les-20-000-e-2.jpg 998w, https:\/\/www.avem.fr\/wp-content\/uploads\/2026\/03\/ACTG0317_KiaEV2-768x432.jpg 768w\" sizes=\"(max-width: 1000px) 100vw, 1000px\" \/>D\u00e9voil\u00e9 au salon automobile de Bruxelles en d\u00e9but d\u2019ann\u00e9e, le Kia EV2 d\u00e9bute \u00e0 26 670 \u20ac. En appliquant l\u2019aide coup de pouce et une prime du constructeur, le mod\u00e8le d\u2019entr\u00e9e de gamme pourra m\u00eame descendre \u00e0 19 970 \u20ac. \u00a0 Choix entre 2 batteries Le Kia EV2 se pr\u00e9sente [\u2026] <a href=https:\/\/www.avem.fr\/2026\/03\/16\/avec-les-aides-le-kia-ev2-peut-tomber-sous-les-20-000-e\/ target=blank>Lire la suite&#8230;<\/a><\/p>\n","protected":false},"excerpt":{"rendered":"<p><img loading=\"lazy\" decoding=\"async\" width=\"1000\" height=\"563\" src=\"https:\/\/www.evearly.news\/fr\/wp-content\/uploads\/sites\/6\/2026\/03\/avec-les-aides-le-kia-ev2-peut-tomber-sous-les-20-000-e.jpg\" class=\"attachment-post-thumbnail size-post-thumbnail wp-post-image\" alt=\"Kia EV2\" \/>D\u00e9voil\u00e9 au salon automobile de Bruxelles en d\u00e9but d\u2019ann\u00e9e, le Kia EV2 d\u00e9bute \u00e0 26 670 \u20ac. En appliquant l\u2019aide coup de pouce et une prime du constructeur, le mod\u00e8le d\u2019entr\u00e9e de gamme pourra m\u00eame descendre \u00e0 19 970 \u20ac. \u00a0 Choix entre 2 batteries Le Kia EV2 se pr\u00e9sente [\u2026] <a class=\"continue-reading-link\" href=\"https:\/\/www.evearly.news\/fr\/avec-les-aides-le-kia-ev2-peut-tomber-sous-les-20-000-e\/\"><\/a><\/p>\n","protected":false},"author":3,"featured_media":318942,"comment_status":"closed","ping_status":"open","sticky":false,"template":"Default","format":"standard","meta":{"footnotes":""},"categories":[3],"tags":[],"class_list":["post-318941","post","type-post","status-publish","format-standard","has-post-thumbnail","hentry","category-avem"],"_links":{"self":[{"href":"https:\/\/www.evearly.news\/fr\/wp-json\/wp\/v2\/posts\/318941","targetHints":{"allow":["GET"]}}],"collection":[{"href":"https:\/\/www.evearly.news\/fr\/wp-json\/wp\/v2\/posts"}],"about":[{"href":"https:\/\/www.evearly.news\/fr\/wp-json\/wp\/v2\/types\/post"}],"author":[{"embeddable":true,"href":"https:\/\/www.evearly.news\/fr\/wp-json\/wp\/v2\/users\/3"}],"replies":[{"embeddable":true,"href":"https:\/\/www.evearly.news\/fr\/wp-json\/wp\/v2\/comments?post=318941"}],"version-history":[{"count":0,"href":"https:\/\/www.evearly.news\/fr\/wp-json\/wp\/v2\/posts\/318941\/revisions"}],"wp:featuredmedia":[{"embeddable":true,"href":"https:\/\/www.evearly.news\/fr\/wp-json\/wp\/v2\/media\/318942"}],"wp:attachment":[{"href":"https:\/\/www.evearly.news\/fr\/wp-json\/wp\/v2\/media?parent=318941"}],"wp:term":[{"taxonomy":"category","embeddable":true,"href":"https:\/\/www.evearly.news\/fr\/wp-json\/wp\/v2\/categories?post=318941"},{"taxonomy":"post_tag","embeddable":true,"href":"https:\/\/www.evearly.news\/fr\/wp-json\/wp\/v2\/tags?post=318941"}],"curies":[{"name":"wp","href":"https:\/\/api.w.org\/{rel}","templated":true}]}}