{"id":318970,"date":"2026-03-17T14:01:21","date_gmt":"2026-03-17T13:01:21","guid":{"rendered":"https:\/\/www.evearly.news\/fr\/officiel-laudi-a2-va-faire-son-retour-en-version-electrique\/"},"modified":"2026-03-17T14:01:21","modified_gmt":"2026-03-17T13:01:21","slug":"officiel-laudi-a2-va-faire-son-retour-en-version-electrique","status":"publish","type":"post","link":"https:\/\/www.evearly.news\/fr\/officiel-laudi-a2-va-faire-son-retour-en-version-electrique\/","title":{"rendered":"Officiel : l\u2019Audi A2 va faire son retour en version \u00e9lectrique !"},"content":{"rendered":"<p><img decoding=\"async\" width=\"500\" height=\"333\" src=\"https:\/\/www.evearly.news\/fr\/wp-content\/uploads\/sites\/6\/2026\/03\/officiel-laudi-a2-va-faire-son-retour-en-version-electrique.jpg\" class=\"attachment-1200x800 size-1200x800 wp-post-image\" alt=\"\" loading=\"lazy\" srcset=\"https:\/\/www.evearly.news\/fr\/wp-content\/uploads\/sites\/6\/2026\/03\/officiel-laudi-a2-va-faire-son-retour-en-version-electrique.jpg 1500w, https:\/\/www.evearly.news\/fr\/wp-content\/uploads\/sites\/6\/2026\/03\/officiel-laudi-a2-va-faire-son-retour-en-version-electrique-1.jpg 1024w, https:\/\/www.evearly.news\/fr\/wp-content\/uploads\/sites\/6\/2026\/03\/officiel-laudi-a2-va-faire-son-retour-en-version-electrique-2.jpg 768w, https:\/\/cdn.automobile-propre.com\/uploads\/2025\/09\/A251481_large-551x413.jpg 551w\" sizes=\"auto, (max-width: 1067px) 100vw, 1067px\" \/><br \/>\nAudi a officialis\u00e9 le nom de son futur mod\u00e8le \u00e9lectrique d&rsquo;entr\u00e9e de gamme : ce sera A2 e-tron. Le v\u00e9hicule\u2026\u00a0<a href=https:\/\/www.automobile-propre.com\/articles\/officiel-laudi-a2-va-faire-son-retour-en-version-electrique\/ target='bwindow'>Lire la suite&#8230;<\/a><\/p>\n","protected":false},"excerpt":{"rendered":"<p>&#8230; <a class=\"continue-reading-link\" href=\"https:\/\/www.evearly.news\/fr\/officiel-laudi-a2-va-faire-son-retour-en-version-electrique\/\"><\/a><\/p>\n","protected":false},"author":8,"featured_media":318971,"comment_status":"closed","ping_status":"open","sticky":false,"template":"Default","format":"standard","meta":{"footnotes":""},"categories":[8],"tags":[],"class_list":["post-318970","post","type-post","status-publish","format-standard","has-post-thumbnail","hentry","category-automobile-propre"],"_links":{"self":[{"href":"https:\/\/www.evearly.news\/fr\/wp-json\/wp\/v2\/posts\/318970","targetHints":{"allow":["GET"]}}],"collection":[{"href":"https:\/\/www.evearly.news\/fr\/wp-json\/wp\/v2\/posts"}],"about":[{"href":"https:\/\/www.evearly.news\/fr\/wp-json\/wp\/v2\/types\/post"}],"author":[{"embeddable":true,"href":"https:\/\/www.evearly.news\/fr\/wp-json\/wp\/v2\/users\/8"}],"replies":[{"embeddable":true,"href":"https:\/\/www.evearly.news\/fr\/wp-json\/wp\/v2\/comments?post=318970"}],"version-history":[{"count":0,"href":"https:\/\/www.evearly.news\/fr\/wp-json\/wp\/v2\/posts\/318970\/revisions"}],"wp:featuredmedia":[{"embeddable":true,"href":"https:\/\/www.evearly.news\/fr\/wp-json\/wp\/v2\/media\/318971"}],"wp:attachment":[{"href":"https:\/\/www.evearly.news\/fr\/wp-json\/wp\/v2\/media?parent=318970"}],"wp:term":[{"taxonomy":"category","embeddable":true,"href":"https:\/\/www.evearly.news\/fr\/wp-json\/wp\/v2\/categories?post=318970"},{"taxonomy":"post_tag","embeddable":true,"href":"https:\/\/www.evearly.news\/fr\/wp-json\/wp\/v2\/tags?post=318970"}],"curies":[{"name":"wp","href":"https:\/\/api.w.org\/{rel}","templated":true}]}}