{"id":318976,"date":"2026-03-17T14:56:44","date_gmt":"2026-03-17T13:56:44","guid":{"rendered":"https:\/\/www.evearly.news\/fr\/denza-z9gt-la-recharge-electrique-en-9-minutes-arrive-en-europe\/"},"modified":"2026-03-17T14:56:44","modified_gmt":"2026-03-17T13:56:44","slug":"denza-z9gt-la-recharge-electrique-en-9-minutes-arrive-en-europe","status":"publish","type":"post","link":"https:\/\/www.evearly.news\/fr\/denza-z9gt-la-recharge-electrique-en-9-minutes-arrive-en-europe\/","title":{"rendered":"DENZA Z9GT : la recharge \u00e9lectrique en 9 minutes arrive en Europe"},"content":{"rendered":"<p><img decoding=\"async\" src=\"https:\/\/www.evearly.news\/fr\/wp-content\/uploads\/sites\/6\/2026\/03\/denza-z9gt-la-recharge-electrique-en-9-minutes-arrive-en-europe.jpg\" alt=\"DENZA Z9GT : la recharge \u00e9lectrique en 9 minutes arrive en Europe\"><br \/>La marque premium du groupe BYD, Denza, s\u2019appr\u00eate \u00e0 lancer en Europe la spectaculaire Denza Z9GT. Ce mod\u00e8le introduira une technologie de recharge ultra-rapide baptis\u00e9e FLASH Charging, qui promet des temps de recharge proches d\u2019un plein de carburant. Le lancement officiel europ\u00e9en de la Z9GT est pr\u00e9vu le 8 avril au Palais Garnier \u00e0 Paris. Une recharge de 10 \u00e0\u2026 <a href=https:\/\/electriquemag.fr\/denza-z9gt-la-recharge-electrique-en-9-minutes-arrive-en-europe\/ target='bwindow'>Lire la suite&#8230;<\/a><\/p>\n","protected":false},"excerpt":{"rendered":"<p>&#8230; <a class=\"continue-reading-link\" href=\"https:\/\/www.evearly.news\/fr\/denza-z9gt-la-recharge-electrique-en-9-minutes-arrive-en-europe\/\"><\/a><\/p>\n","protected":false},"author":13,"featured_media":318977,"comment_status":"closed","ping_status":"open","sticky":false,"template":"Default","format":"standard","meta":{"footnotes":""},"categories":[13],"tags":[],"class_list":["post-318976","post","type-post","status-publish","format-standard","has-post-thumbnail","hentry","category-electriquemag"],"_links":{"self":[{"href":"https:\/\/www.evearly.news\/fr\/wp-json\/wp\/v2\/posts\/318976","targetHints":{"allow":["GET"]}}],"collection":[{"href":"https:\/\/www.evearly.news\/fr\/wp-json\/wp\/v2\/posts"}],"about":[{"href":"https:\/\/www.evearly.news\/fr\/wp-json\/wp\/v2\/types\/post"}],"author":[{"embeddable":true,"href":"https:\/\/www.evearly.news\/fr\/wp-json\/wp\/v2\/users\/13"}],"replies":[{"embeddable":true,"href":"https:\/\/www.evearly.news\/fr\/wp-json\/wp\/v2\/comments?post=318976"}],"version-history":[{"count":0,"href":"https:\/\/www.evearly.news\/fr\/wp-json\/wp\/v2\/posts\/318976\/revisions"}],"wp:featuredmedia":[{"embeddable":true,"href":"https:\/\/www.evearly.news\/fr\/wp-json\/wp\/v2\/media\/318977"}],"wp:attachment":[{"href":"https:\/\/www.evearly.news\/fr\/wp-json\/wp\/v2\/media?parent=318976"}],"wp:term":[{"taxonomy":"category","embeddable":true,"href":"https:\/\/www.evearly.news\/fr\/wp-json\/wp\/v2\/categories?post=318976"},{"taxonomy":"post_tag","embeddable":true,"href":"https:\/\/www.evearly.news\/fr\/wp-json\/wp\/v2\/tags?post=318976"}],"curies":[{"name":"wp","href":"https:\/\/api.w.org\/{rel}","templated":true}]}}