{"id":318978,"date":"2026-03-17T15:55:13","date_gmt":"2026-03-17T14:55:13","guid":{"rendered":"https:\/\/www.evearly.news\/fr\/nouveau-ds-n7-infos-photos-prix-et-nos-premieres-impressions-a-bord-du-suv-familial\/"},"modified":"2026-03-17T15:55:13","modified_gmt":"2026-03-17T14:55:13","slug":"nouveau-ds-n7-infos-photos-prix-et-nos-premieres-impressions-a-bord-du-suv-familial","status":"publish","type":"post","link":"https:\/\/www.evearly.news\/fr\/nouveau-ds-n7-infos-photos-prix-et-nos-premieres-impressions-a-bord-du-suv-familial\/","title":{"rendered":"Nouveau DS N\u00b07 : infos, photos, prix et nos premi\u00e8res impressions \u00e0 bord du SUV familial !"},"content":{"rendered":"<div class=\"media_block\"><img decoding=\"async\" src=\"https:\/\/www.evearly.news\/fr\/wp-content\/uploads\/sites\/6\/2026\/03\/nouveau-ds-n7-infos-photos-prix-et-nos-premieres-impressions-a-bord-du-suv-familial.jpg\"><\/div>\n<p>Lanc\u00e9 sur le march\u00e9 en 2018, le DS 7 Crossback restera comme le premier vrai succ\u00e8s du label chic de Stellantis cr\u00e9e en 2014. Les responsabilit\u00e9 sont donc \u00e9lev\u00e9es pour son successeur, baptis\u00e9 N\u00b07, qui repart d\u2019une feuille blanche. Look, habitacle, motorisations, tout change sur cette prometteuse seconde g\u00e9n\u00e9ration dans laquelle nous avons d\u00e9j\u00e0 pu nous installer. <a href=https:\/\/www.automobile-magazine.fr\/nouveautes\/article\/51344-nouveau-ds-n7-infos-photos-prix-et-nos-premieres-impressions-a-bord-du-suv-familial target='bwindow'>Lire la suite&#8230;<\/a><\/p>\n","protected":false},"excerpt":{"rendered":"<div class=\"media_block\"><img decoding=\"async\" src=\"https:\/\/www.evearly.news\/fr\/wp-content\/uploads\/sites\/6\/2026\/03\/nouveau-ds-n7-infos-photos-prix-et-nos-premieres-impressions-a-bord-du-suv-familial.jpg\"><\/div>\n<p> <a class=\"continue-reading-link\" href=\"https:\/\/www.evearly.news\/fr\/nouveau-ds-n7-infos-photos-prix-et-nos-premieres-impressions-a-bord-du-suv-familial\/\"><\/a><\/p>\n","protected":false},"author":7,"featured_media":318979,"comment_status":"closed","ping_status":"open","sticky":false,"template":"Default","format":"standard","meta":{"footnotes":""},"categories":[7],"tags":[],"class_list":["post-318978","post","type-post","status-publish","format-standard","has-post-thumbnail","hentry","category-automobile-magazine"],"_links":{"self":[{"href":"https:\/\/www.evearly.news\/fr\/wp-json\/wp\/v2\/posts\/318978","targetHints":{"allow":["GET"]}}],"collection":[{"href":"https:\/\/www.evearly.news\/fr\/wp-json\/wp\/v2\/posts"}],"about":[{"href":"https:\/\/www.evearly.news\/fr\/wp-json\/wp\/v2\/types\/post"}],"author":[{"embeddable":true,"href":"https:\/\/www.evearly.news\/fr\/wp-json\/wp\/v2\/users\/7"}],"replies":[{"embeddable":true,"href":"https:\/\/www.evearly.news\/fr\/wp-json\/wp\/v2\/comments?post=318978"}],"version-history":[{"count":0,"href":"https:\/\/www.evearly.news\/fr\/wp-json\/wp\/v2\/posts\/318978\/revisions"}],"wp:featuredmedia":[{"embeddable":true,"href":"https:\/\/www.evearly.news\/fr\/wp-json\/wp\/v2\/media\/318979"}],"wp:attachment":[{"href":"https:\/\/www.evearly.news\/fr\/wp-json\/wp\/v2\/media?parent=318978"}],"wp:term":[{"taxonomy":"category","embeddable":true,"href":"https:\/\/www.evearly.news\/fr\/wp-json\/wp\/v2\/categories?post=318978"},{"taxonomy":"post_tag","embeddable":true,"href":"https:\/\/www.evearly.news\/fr\/wp-json\/wp\/v2\/tags?post=318978"}],"curies":[{"name":"wp","href":"https:\/\/api.w.org\/{rel}","templated":true}]}}