{"id":318980,"date":"2026-03-17T16:15:27","date_gmt":"2026-03-17T15:15:27","guid":{"rendered":"https:\/\/www.evearly.news\/fr\/tesla-roadster-elon-musk-confirme-la-sortie-et-cest-pour-tres-bientot\/"},"modified":"2026-03-17T16:15:27","modified_gmt":"2026-03-17T15:15:27","slug":"tesla-roadster-elon-musk-confirme-la-sortie-et-cest-pour-tres-bientot","status":"publish","type":"post","link":"https:\/\/www.evearly.news\/fr\/tesla-roadster-elon-musk-confirme-la-sortie-et-cest-pour-tres-bientot\/","title":{"rendered":"Tesla Roadster\u00a0: Elon Musk confirme la sortie, et c\u2019est pour tr\u00e8s bient\u00f4t\u00a0!"},"content":{"rendered":"<p><img loading=\"lazy\" width=\"1500\" height=\"1000\" src=\"https:\/\/www.evearly.news\/fr\/wp-content\/uploads\/sites\/6\/2026\/03\/tesla-roadster-elon-musk-confirme-la-sortie-et-cest-pour-tres-bientot.jpg\" class=\"attachment-full size-full wp-post-image\" alt=\"Tesla Roadster\" decoding=\"async\" srcset=\"https:\/\/www.evearly.news\/fr\/wp-content\/uploads\/sites\/6\/2026\/03\/tesla-roadster-elon-musk-confirme-la-sortie-et-cest-pour-tres-bientot.jpg 1500w, https:\/\/www.evearly.news\/fr\/wp-content\/uploads\/sites\/6\/2026\/03\/tesla-roadster-elon-musk-confirme-la-sortie-et-cest-pour-tres-bientot-1.jpg 384w, https:\/\/www.evearly.news\/fr\/wp-content\/uploads\/sites\/6\/2026\/03\/tesla-roadster-elon-musk-confirme-la-sortie-et-cest-pour-tres-bientot-2.jpg 880w, https:\/\/www.evearly.news\/fr\/wp-content\/uploads\/sites\/6\/2026\/03\/tesla-roadster-elon-musk-confirme-la-sortie-et-cest-pour-tres-bientot-3.jpg 50w, https:\/\/www.evearly.news\/fr\/wp-content\/uploads\/sites\/6\/2026\/03\/tesla-roadster-elon-musk-confirme-la-sortie-et-cest-pour-tres-bientot-4.jpg 640w, https:\/\/www.presse-citron.net\/app\/uploads\/2025\/05\/tesla-roadster-1280x853.jpg 1280w\" sizes=\"auto, (max-width: 1500px) 100vw, 1500px\"><\/p>\n<p>Le constructeur pr\u00e9sentera ce v\u00e9hicule dans les semaines \u00e0 venir.<a href=\"https:\/\/www.presse-citron.net\/tesla-roadster-elon-musk-confirme-la-sortie-et-cest-pour-tres-bientot\/\" target=blank> Lire la suite&#8230;<\/a><\/p>\n","protected":false},"excerpt":{"rendered":"<p>Le constructeur pr\u00e9sentera ce v\u00e9hicule dans les semaines \u00e0 venir&#8230;. <a class=\"continue-reading-link\" href=\"https:\/\/www.evearly.news\/fr\/tesla-roadster-elon-musk-confirme-la-sortie-et-cest-pour-tres-bientot\/\"><\/a><\/p>\n","protected":false},"author":18,"featured_media":318981,"comment_status":"closed","ping_status":"open","sticky":false,"template":"Default","format":"standard","meta":{"footnotes":""},"categories":[19],"tags":[],"class_list":["post-318980","post","type-post","status-publish","format-standard","has-post-thumbnail","hentry","category-presse-citron"],"_links":{"self":[{"href":"https:\/\/www.evearly.news\/fr\/wp-json\/wp\/v2\/posts\/318980","targetHints":{"allow":["GET"]}}],"collection":[{"href":"https:\/\/www.evearly.news\/fr\/wp-json\/wp\/v2\/posts"}],"about":[{"href":"https:\/\/www.evearly.news\/fr\/wp-json\/wp\/v2\/types\/post"}],"author":[{"embeddable":true,"href":"https:\/\/www.evearly.news\/fr\/wp-json\/wp\/v2\/users\/18"}],"replies":[{"embeddable":true,"href":"https:\/\/www.evearly.news\/fr\/wp-json\/wp\/v2\/comments?post=318980"}],"version-history":[{"count":0,"href":"https:\/\/www.evearly.news\/fr\/wp-json\/wp\/v2\/posts\/318980\/revisions"}],"wp:featuredmedia":[{"embeddable":true,"href":"https:\/\/www.evearly.news\/fr\/wp-json\/wp\/v2\/media\/318981"}],"wp:attachment":[{"href":"https:\/\/www.evearly.news\/fr\/wp-json\/wp\/v2\/media?parent=318980"}],"wp:term":[{"taxonomy":"category","embeddable":true,"href":"https:\/\/www.evearly.news\/fr\/wp-json\/wp\/v2\/categories?post=318980"},{"taxonomy":"post_tag","embeddable":true,"href":"https:\/\/www.evearly.news\/fr\/wp-json\/wp\/v2\/tags?post=318980"}],"curies":[{"name":"wp","href":"https:\/\/api.w.org\/{rel}","templated":true}]}}