{"id":318986,"date":"2026-03-17T16:23:51","date_gmt":"2026-03-17T15:23:51","guid":{"rendered":"https:\/\/www.evearly.news\/fr\/audi-officialise-la2-e-tron-electrique-un-design-inedit-avec-les-moteurs-et-batteries-eprouves-de-volkswagen\/"},"modified":"2026-03-17T16:23:51","modified_gmt":"2026-03-17T15:23:51","slug":"audi-officialise-la2-e-tron-electrique-un-design-inedit-avec-les-moteurs-et-batteries-eprouves-de-volkswagen","status":"publish","type":"post","link":"https:\/\/www.evearly.news\/fr\/audi-officialise-la2-e-tron-electrique-un-design-inedit-avec-les-moteurs-et-batteries-eprouves-de-volkswagen\/","title":{"rendered":"Audi officialise l\u2019A2 e-tron \u00e9lectrique : un design in\u00e9dit avec les moteurs et batteries \u00e9prouv\u00e9s de Volkswagen"},"content":{"rendered":"<p><img width=\"1200\" height=\"675\" src=\"https:\/\/www.evearly.news\/fr\/wp-content\/uploads\/sites\/6\/2026\/03\/audi-officialise-la2-e-tron-electrique-un-design-inedit-avec-les-moteurs-et-batteries-eprouves-de-volkswagen.jpg\" class=\"attachment-full size-full wp-post-image\" alt=\"\" decoding=\"async\" loading=\"lazy\" \/<br \/>\nAudi officialise l&rsquo;existence de l&rsquo;A2 e-tron, sa future voiture \u00e9lectrique compacte. Et on conna\u00eet d\u00e9j\u00e0 de nombreuses caract\u00e9ristiques techniques, comme les moteurs ou les batteries, gr\u00e2ce \u00e0 ses cousines chez Volkswagen et Cupra.<br \/>\n <a href=https:\/\/www.frandroid.com\/marques\/audi\/3029615_audi-officialise-la2-e-tron-electrique-un-design-inedit-avec-les-moteurs-et-batteries-eprouves-de-volkswagen target='blank'>Lire la suite&#8230;<\/a><\/p>\n","protected":false},"excerpt":{"rendered":"<p>&lt;img width=&quot;1200&quot; height=&quot;675&quot; src=&quot;https:\/\/www.evearly.news\/fr\/wp-content\/uploads\/sites\/6\/2026\/03\/audi-officialise-la2-e-tron-electrique-un-design-inedit-avec-les-moteurs-et-batteries-eprouves-de-volkswagen.jpg&quot; class=&quot;attachment-full size-full wp-post-image&quot; alt=&quot;&quot; decoding=&quot;async&quot; loading=&quot;lazy&quot; \/<br \/>\nAudi officialise l&rsquo;existence de l&rsquo;A2 e-tron, sa future voiture \u00e9lectrique compacte. Et on conna\u00eet d\u00e9j\u00e0 de nombreuses caract\u00e9ristiques techniques, comme les moteurs ou les batteries, gr\u00e2ce \u00e0 ses cousines chez Volkswagen et Cupra.\n<\/p>\n<p> <a class=\"continue-reading-link\" href=\"https:\/\/www.evearly.news\/fr\/audi-officialise-la2-e-tron-electrique-un-design-inedit-avec-les-moteurs-et-batteries-eprouves-de-volkswagen\/\"><\/a><\/p>\n","protected":false},"author":6,"featured_media":318987,"comment_status":"closed","ping_status":"open","sticky":false,"template":"Default","format":"standard","meta":{"footnotes":""},"categories":[14],"tags":[],"class_list":["post-318986","post","type-post","status-publish","format-standard","has-post-thumbnail","hentry","category-frandroid"],"_links":{"self":[{"href":"https:\/\/www.evearly.news\/fr\/wp-json\/wp\/v2\/posts\/318986","targetHints":{"allow":["GET"]}}],"collection":[{"href":"https:\/\/www.evearly.news\/fr\/wp-json\/wp\/v2\/posts"}],"about":[{"href":"https:\/\/www.evearly.news\/fr\/wp-json\/wp\/v2\/types\/post"}],"author":[{"embeddable":true,"href":"https:\/\/www.evearly.news\/fr\/wp-json\/wp\/v2\/users\/6"}],"replies":[{"embeddable":true,"href":"https:\/\/www.evearly.news\/fr\/wp-json\/wp\/v2\/comments?post=318986"}],"version-history":[{"count":0,"href":"https:\/\/www.evearly.news\/fr\/wp-json\/wp\/v2\/posts\/318986\/revisions"}],"wp:featuredmedia":[{"embeddable":true,"href":"https:\/\/www.evearly.news\/fr\/wp-json\/wp\/v2\/media\/318987"}],"wp:attachment":[{"href":"https:\/\/www.evearly.news\/fr\/wp-json\/wp\/v2\/media?parent=318986"}],"wp:term":[{"taxonomy":"category","embeddable":true,"href":"https:\/\/www.evearly.news\/fr\/wp-json\/wp\/v2\/categories?post=318986"},{"taxonomy":"post_tag","embeddable":true,"href":"https:\/\/www.evearly.news\/fr\/wp-json\/wp\/v2\/tags?post=318986"}],"curies":[{"name":"wp","href":"https:\/\/api.w.org\/{rel}","templated":true}]}}