{"id":319009,"date":"2026-03-17T18:00:00","date_gmt":"2026-03-17T17:00:00","guid":{"rendered":"https:\/\/www.evearly.news\/fr\/laudi-a2-renaitra-de-ses-cendres-en-version-electrique-a-lautomne-prochain\/"},"modified":"2026-03-17T18:00:00","modified_gmt":"2026-03-17T17:00:00","slug":"laudi-a2-renaitra-de-ses-cendres-en-version-electrique-a-lautomne-prochain","status":"publish","type":"post","link":"https:\/\/www.evearly.news\/fr\/laudi-a2-renaitra-de-ses-cendres-en-version-electrique-a-lautomne-prochain\/","title":{"rendered":"L\u2019Audi A2 rena\u00eetra de ses cendres en version \u00e9lectrique \u00e0 l\u2019automne prochain"},"content":{"rendered":"<p><img decoding=\"async\" src=\"https:\/\/www.evearly.news\/fr\/wp-content\/uploads\/sites\/6\/2026\/03\/laudi-a2-renaitra-de-ses-cendres-en-version-electrique-a-lautomne-prochain.jpg\" alt=\"caradisiac\" ><br \/>C\u2019est officiel, la petite A2 sera d\u00e9voil\u00e9e \u00e0 l\u2019automne, s\u00fbrement \u00e0 l\u2019occasion du Mondial de Paris, et deviendra l\u2019entr\u00e9e de gamme \u00e9lectrique du constructeur. Esp\u00e9rons que sa carri\u00e8re sera plus florissante que celle de la premi\u00e8re g\u00e9n\u00e9ration apparue il y a 25\u00a0ans. <a href=https:\/\/www.caradisiac.com\/l-audi-a2-renaitra-de-ses-cendres-en-version-electrique-a-l-automne-prochain-220967.htm#xtor=RSS-40 target=blank>Lire la suite&#8230;<\/a><\/p>\n","protected":false},"excerpt":{"rendered":"<p><img decoding=\"async\" src=\"https:\/\/www.evearly.news\/fr\/wp-content\/uploads\/sites\/6\/2026\/03\/laudi-a2-renaitra-de-ses-cendres-en-version-electrique-a-lautomne-prochain.jpg\" alt=\"caradisiac\"><br \/>C\u2019est officiel, la petite A2 sera d\u00e9voil\u00e9e \u00e0 l\u2019automne, s\u00fbrement \u00e0 l\u2019occasion du Mondial de Paris, et deviendra l\u2019entr\u00e9e de gamme \u00e9lectrique du constructeur. Esp\u00e9rons que sa carri\u00e8re sera plus florissante que celle de la premi\u00e8re g\u00e9n\u00e9ration apparue il y a 25\u00a0ans.<\/p>\n<p> <a class=\"continue-reading-link\" href=\"https:\/\/www.evearly.news\/fr\/laudi-a2-renaitra-de-ses-cendres-en-version-electrique-a-lautomne-prochain\/\"><\/a><\/p>\n","protected":false},"author":11,"featured_media":319010,"comment_status":"closed","ping_status":"open","sticky":false,"template":"Default","format":"standard","meta":{"footnotes":""},"categories":[11],"tags":[],"class_list":["post-319009","post","type-post","status-publish","format-standard","has-post-thumbnail","hentry","category-caradisiac"],"_links":{"self":[{"href":"https:\/\/www.evearly.news\/fr\/wp-json\/wp\/v2\/posts\/319009","targetHints":{"allow":["GET"]}}],"collection":[{"href":"https:\/\/www.evearly.news\/fr\/wp-json\/wp\/v2\/posts"}],"about":[{"href":"https:\/\/www.evearly.news\/fr\/wp-json\/wp\/v2\/types\/post"}],"author":[{"embeddable":true,"href":"https:\/\/www.evearly.news\/fr\/wp-json\/wp\/v2\/users\/11"}],"replies":[{"embeddable":true,"href":"https:\/\/www.evearly.news\/fr\/wp-json\/wp\/v2\/comments?post=319009"}],"version-history":[{"count":0,"href":"https:\/\/www.evearly.news\/fr\/wp-json\/wp\/v2\/posts\/319009\/revisions"}],"wp:featuredmedia":[{"embeddable":true,"href":"https:\/\/www.evearly.news\/fr\/wp-json\/wp\/v2\/media\/319010"}],"wp:attachment":[{"href":"https:\/\/www.evearly.news\/fr\/wp-json\/wp\/v2\/media?parent=319009"}],"wp:term":[{"taxonomy":"category","embeddable":true,"href":"https:\/\/www.evearly.news\/fr\/wp-json\/wp\/v2\/categories?post=319009"},{"taxonomy":"post_tag","embeddable":true,"href":"https:\/\/www.evearly.news\/fr\/wp-json\/wp\/v2\/tags?post=319009"}],"curies":[{"name":"wp","href":"https:\/\/api.w.org\/{rel}","templated":true}]}}