{"id":319023,"date":"2026-03-17T21:32:15","date_gmt":"2026-03-17T20:32:15","guid":{"rendered":"https:\/\/www.evearly.news\/fr\/audi-ressuscite-un-modele-oublie-pour-en-faire-son-electrique-abordable\/"},"modified":"2026-03-17T21:32:15","modified_gmt":"2026-03-17T20:32:15","slug":"audi-ressuscite-un-modele-oublie-pour-en-faire-son-electrique-abordable","status":"publish","type":"post","link":"https:\/\/www.evearly.news\/fr\/audi-ressuscite-un-modele-oublie-pour-en-faire-son-electrique-abordable\/","title":{"rendered":"Audi ressuscite un mod\u00e8le oubli\u00e9 pour en faire son \u00e9lectrique \u00ab\u00a0abordable\u00a0\u00bb"},"content":{"rendered":"<div class=\"media_block\"><img decoding=\"async\" src=\"https:\/\/www.evearly.news\/fr\/wp-content\/uploads\/sites\/6\/2026\/03\/audi-ressuscite-un-modele-oublie-pour-en-faire-son-electrique-abordable.jpg\"><\/div>\n<p>Audi relance un nom inattendu avec l\u2019A2 e-tron, son futur mod\u00e8le \u00e9lectrique d\u2019entr\u00e9e de gamme qui sera pr\u00e9sent\u00e9 \u00e0 l\u2019automne. Derri\u00e8re ce retour, la marque allemande pr\u00e9pare une compacte bas\u00e9e sur la plateforme MEB, capable d\u2019atteindre jusqu\u2019\u00e0 600 km d\u2019autonomie. Mais entre production en Allemagne, pression sur les marges et concurrence accrue, ce mod\u00e8le cens\u00e9 d\u00e9mocratiser l\u2019\u00e9lectrique pourrait finalement viser bien plus haut que pr\u00e9vu. <a href=https:\/\/www.automobile-magazine.fr\/voitures-electriques\/article\/51347-audi-ressuscite-un-modele-oublie-pour-en-faire-son-electrique-abordable target='bwindow'>Lire la suite&#8230;<\/a><\/p>\n","protected":false},"excerpt":{"rendered":"<div class=\"media_block\"><img decoding=\"async\" src=\"https:\/\/www.evearly.news\/fr\/wp-content\/uploads\/sites\/6\/2026\/03\/audi-ressuscite-un-modele-oublie-pour-en-faire-son-electrique-abordable.jpg\"><\/div>\n<p> <a class=\"continue-reading-link\" href=\"https:\/\/www.evearly.news\/fr\/audi-ressuscite-un-modele-oublie-pour-en-faire-son-electrique-abordable\/\"><\/a><\/p>\n","protected":false},"author":7,"featured_media":319024,"comment_status":"closed","ping_status":"open","sticky":false,"template":"Default","format":"standard","meta":{"footnotes":""},"categories":[7],"tags":[],"class_list":["post-319023","post","type-post","status-publish","format-standard","has-post-thumbnail","hentry","category-automobile-magazine"],"_links":{"self":[{"href":"https:\/\/www.evearly.news\/fr\/wp-json\/wp\/v2\/posts\/319023","targetHints":{"allow":["GET"]}}],"collection":[{"href":"https:\/\/www.evearly.news\/fr\/wp-json\/wp\/v2\/posts"}],"about":[{"href":"https:\/\/www.evearly.news\/fr\/wp-json\/wp\/v2\/types\/post"}],"author":[{"embeddable":true,"href":"https:\/\/www.evearly.news\/fr\/wp-json\/wp\/v2\/users\/7"}],"replies":[{"embeddable":true,"href":"https:\/\/www.evearly.news\/fr\/wp-json\/wp\/v2\/comments?post=319023"}],"version-history":[{"count":0,"href":"https:\/\/www.evearly.news\/fr\/wp-json\/wp\/v2\/posts\/319023\/revisions"}],"wp:featuredmedia":[{"embeddable":true,"href":"https:\/\/www.evearly.news\/fr\/wp-json\/wp\/v2\/media\/319024"}],"wp:attachment":[{"href":"https:\/\/www.evearly.news\/fr\/wp-json\/wp\/v2\/media?parent=319023"}],"wp:term":[{"taxonomy":"category","embeddable":true,"href":"https:\/\/www.evearly.news\/fr\/wp-json\/wp\/v2\/categories?post=319023"},{"taxonomy":"post_tag","embeddable":true,"href":"https:\/\/www.evearly.news\/fr\/wp-json\/wp\/v2\/tags?post=319023"}],"curies":[{"name":"wp","href":"https:\/\/api.w.org\/{rel}","templated":true}]}}