{"id":319119,"date":"2026-03-18T11:43:48","date_gmt":"2026-03-18T10:43:48","guid":{"rendered":"https:\/\/www.evearly.news\/fr\/nouvelle-bmw-i3-toutes-les-infos-et-photos-officielles-sur-la-nouvelle-berline-electrique\/"},"modified":"2026-03-18T11:43:48","modified_gmt":"2026-03-18T10:43:48","slug":"nouvelle-bmw-i3-toutes-les-infos-et-photos-officielles-sur-la-nouvelle-berline-electrique","status":"publish","type":"post","link":"https:\/\/www.evearly.news\/fr\/nouvelle-bmw-i3-toutes-les-infos-et-photos-officielles-sur-la-nouvelle-berline-electrique\/","title":{"rendered":"Nouvelle BMW i3 : toutes les infos et photos officielles sur la nouvelle berline \u00e9lectrique"},"content":{"rendered":"<div class=\"media_block\"><img decoding=\"async\" src=\"https:\/\/www.evearly.news\/fr\/wp-content\/uploads\/sites\/6\/2026\/03\/nouvelle-bmw-i3-toutes-les-infos-et-photos-officielles-sur-la-nouvelle-berline-electrique.jpg\"><\/div>\n<p>En 2026, la S\u00e9rie 3 casse tous les codes \u00e9tablis en devenant i3. Electrique, elle en profite aussi pour se m\u00e9tamorphoser car c\u2019est la premi\u00e8re berline de la nouvelle \u00e8re Neue Klasse inaugur\u00e9e par le iX3. La berline emprunte d\u2019ailleurs beaucoup \u00e0 son fr\u00e8re SUV, \u00e0 commencer par la technologie embarqu\u00e9e et la chaine de traction. De quoi faire entrer la S\u00e9rie 3 dans le futur ? <a href=https:\/\/www.automobile-magazine.fr\/nouveautes\/article\/51348-nouvelle-bmw-i3-toutes-les-infos-et-photos-officielles-sur-la-nouvelle-berline-electrique target='bwindow'>Lire la suite&#8230;<\/a><\/p>\n","protected":false},"excerpt":{"rendered":"<div class=\"media_block\"><img decoding=\"async\" src=\"https:\/\/www.evearly.news\/fr\/wp-content\/uploads\/sites\/6\/2026\/03\/nouvelle-bmw-i3-toutes-les-infos-et-photos-officielles-sur-la-nouvelle-berline-electrique.jpg\"><\/div>\n<p> <a class=\"continue-reading-link\" href=\"https:\/\/www.evearly.news\/fr\/nouvelle-bmw-i3-toutes-les-infos-et-photos-officielles-sur-la-nouvelle-berline-electrique\/\"><\/a><\/p>\n","protected":false},"author":7,"featured_media":319120,"comment_status":"closed","ping_status":"open","sticky":false,"template":"Default","format":"standard","meta":{"footnotes":""},"categories":[7],"tags":[],"class_list":["post-319119","post","type-post","status-publish","format-standard","has-post-thumbnail","hentry","category-automobile-magazine"],"_links":{"self":[{"href":"https:\/\/www.evearly.news\/fr\/wp-json\/wp\/v2\/posts\/319119","targetHints":{"allow":["GET"]}}],"collection":[{"href":"https:\/\/www.evearly.news\/fr\/wp-json\/wp\/v2\/posts"}],"about":[{"href":"https:\/\/www.evearly.news\/fr\/wp-json\/wp\/v2\/types\/post"}],"author":[{"embeddable":true,"href":"https:\/\/www.evearly.news\/fr\/wp-json\/wp\/v2\/users\/7"}],"replies":[{"embeddable":true,"href":"https:\/\/www.evearly.news\/fr\/wp-json\/wp\/v2\/comments?post=319119"}],"version-history":[{"count":0,"href":"https:\/\/www.evearly.news\/fr\/wp-json\/wp\/v2\/posts\/319119\/revisions"}],"wp:featuredmedia":[{"embeddable":true,"href":"https:\/\/www.evearly.news\/fr\/wp-json\/wp\/v2\/media\/319120"}],"wp:attachment":[{"href":"https:\/\/www.evearly.news\/fr\/wp-json\/wp\/v2\/media?parent=319119"}],"wp:term":[{"taxonomy":"category","embeddable":true,"href":"https:\/\/www.evearly.news\/fr\/wp-json\/wp\/v2\/categories?post=319119"},{"taxonomy":"post_tag","embeddable":true,"href":"https:\/\/www.evearly.news\/fr\/wp-json\/wp\/v2\/tags?post=319119"}],"curies":[{"name":"wp","href":"https:\/\/api.w.org\/{rel}","templated":true}]}}