{"id":319121,"date":"2026-03-18T11:52:40","date_gmt":"2026-03-18T10:52:40","guid":{"rendered":"https:\/\/www.evearly.news\/fr\/voici-la-bmw-i3-elle-nest-pas-la-serie-3-electrique-quon-attendait-elle-est-bien-mieux\/"},"modified":"2026-03-18T11:52:40","modified_gmt":"2026-03-18T10:52:40","slug":"voici-la-bmw-i3-elle-nest-pas-la-serie-3-electrique-quon-attendait-elle-est-bien-mieux","status":"publish","type":"post","link":"https:\/\/www.evearly.news\/fr\/voici-la-bmw-i3-elle-nest-pas-la-serie-3-electrique-quon-attendait-elle-est-bien-mieux\/","title":{"rendered":"Voici la BMW i3\u00a0: elle n\u2019est pas la S\u00e9rie 3 \u00e9lectrique qu\u2019on attendait, elle est bien mieux"},"content":{"rendered":"<p><img width=\"1920\" height=\"1080\" src=\"https:\/\/www.evearly.news\/fr\/wp-content\/uploads\/sites\/6\/2026\/03\/voici-la-bmw-i3-elle-nest-pas-la-serie-3-electrique-quon-attendait-elle-est-bien-mieux.jpg\" class=\"attachment-full size-full wp-post-image\" alt=\"P90632486 Highres\" decoding=\"async\" loading=\"lazy\" srcset=\"https:\/\/www.evearly.news\/fr\/wp-content\/uploads\/sites\/6\/2026\/03\/voici-la-bmw-i3-elle-nest-pas-la-serie-3-electrique-quon-attendait-elle-est-bien-mieux.jpg 1920w, https:\/\/www.evearly.news\/fr\/wp-content\/uploads\/sites\/6\/2026\/03\/voici-la-bmw-i3-elle-nest-pas-la-serie-3-electrique-quon-attendait-elle-est-bien-mieux-1.jpg 384w, https:\/\/www.evearly.news\/fr\/wp-content\/uploads\/sites\/6\/2026\/03\/voici-la-bmw-i3-elle-nest-pas-la-serie-3-electrique-quon-attendait-elle-est-bien-mieux-2.jpg 880w, https:\/\/www.evearly.news\/fr\/wp-content\/uploads\/sites\/6\/2026\/03\/voici-la-bmw-i3-elle-nest-pas-la-serie-3-electrique-quon-attendait-elle-est-bien-mieux-3.jpg 50w, https:\/\/www.evearly.news\/fr\/wp-content\/uploads\/sites\/6\/2026\/03\/voici-la-bmw-i3-elle-nest-pas-la-serie-3-electrique-quon-attendait-elle-est-bien-mieux-4.jpg 640w, https:\/\/www.evearly.news\/fr\/wp-content\/uploads\/sites\/6\/2026\/03\/voici-la-bmw-i3-elle-nest-pas-la-serie-3-electrique-quon-attendait-elle-est-bien-mieux-5.jpg 1280w, https:\/\/www.evearly.news\/fr\/wp-content\/uploads\/sites\/6\/2026\/03\/voici-la-bmw-i3-elle-nest-pas-la-serie-3-electrique-quon-attendait-elle-est-bien-mieux-6.jpg 1632w, https:\/\/www.presse-citron.net\/app\/uploads\/2026\/03\/P90632486_highRes-1600x900.jpg 1600w\" sizes=\"auto, (max-width: 1920px) 100vw, 1920px\"><\/p>\n<p>BMW officialise la nouvelle i3, premi\u00e8re S\u00e9rie 3 100 % \u00e9lectrique. Deuxi\u00e8me mod\u00e8le de la plateforme Neue Klasse, elle revendique jusqu&rsquo;\u00e0 900 km d&rsquo;autonomie (WLTP, valeurs provisoires), une puissance de 469 ch et la capacit\u00e9 de r\u00e9cup\u00e9rer 400 km en seulement 10 minutes de charge. Elle sera produite \u00e0 Munich d\u00e8s ao\u00fbt 2026, pour des livraisons pr\u00e9vues \u00e0 l&rsquo;automne.<a href=\"https:\/\/www.presse-citron.net\/voici-bmw-i3-pas-serie-3-electrique-attendait-elle-est-bien-mieux\/\" target=blank> Lire la suite&#8230;<\/a><\/p>\n","protected":false},"excerpt":{"rendered":"<p>BMW officialise la nouvelle i3, premi\u00e8re S\u00e9rie 3 100 % \u00e9lectrique. Deuxi\u00e8me mod\u00e8le de la plateforme Neue Klasse, elle revendique jusqu&rsquo;\u00e0 900 km d&rsquo;autonomie (WLTP, valeurs provisoires), une puissance de 469 ch et la capacit\u00e9 de r\u00e9cup\u00e9rer 400 km en seulement 10 minutes de charge. Elle sera produite \u00e0 Munich d\u00e8s ao\u00fbt 2026, pour des livraisons pr\u00e9vues \u00e0 l&rsquo;automne&#8230;. <a class=\"continue-reading-link\" href=\"https:\/\/www.evearly.news\/fr\/voici-la-bmw-i3-elle-nest-pas-la-serie-3-electrique-quon-attendait-elle-est-bien-mieux\/\"><\/a><\/p>\n","protected":false},"author":18,"featured_media":319122,"comment_status":"closed","ping_status":"open","sticky":false,"template":"Default","format":"standard","meta":{"footnotes":""},"categories":[19],"tags":[],"class_list":["post-319121","post","type-post","status-publish","format-standard","has-post-thumbnail","hentry","category-presse-citron"],"_links":{"self":[{"href":"https:\/\/www.evearly.news\/fr\/wp-json\/wp\/v2\/posts\/319121","targetHints":{"allow":["GET"]}}],"collection":[{"href":"https:\/\/www.evearly.news\/fr\/wp-json\/wp\/v2\/posts"}],"about":[{"href":"https:\/\/www.evearly.news\/fr\/wp-json\/wp\/v2\/types\/post"}],"author":[{"embeddable":true,"href":"https:\/\/www.evearly.news\/fr\/wp-json\/wp\/v2\/users\/18"}],"replies":[{"embeddable":true,"href":"https:\/\/www.evearly.news\/fr\/wp-json\/wp\/v2\/comments?post=319121"}],"version-history":[{"count":0,"href":"https:\/\/www.evearly.news\/fr\/wp-json\/wp\/v2\/posts\/319121\/revisions"}],"wp:featuredmedia":[{"embeddable":true,"href":"https:\/\/www.evearly.news\/fr\/wp-json\/wp\/v2\/media\/319122"}],"wp:attachment":[{"href":"https:\/\/www.evearly.news\/fr\/wp-json\/wp\/v2\/media?parent=319121"}],"wp:term":[{"taxonomy":"category","embeddable":true,"href":"https:\/\/www.evearly.news\/fr\/wp-json\/wp\/v2\/categories?post=319121"},{"taxonomy":"post_tag","embeddable":true,"href":"https:\/\/www.evearly.news\/fr\/wp-json\/wp\/v2\/tags?post=319121"}],"curies":[{"name":"wp","href":"https:\/\/api.w.org\/{rel}","templated":true}]}}