{"id":319123,"date":"2026-03-18T11:54:08","date_gmt":"2026-03-18T10:54:08","guid":{"rendered":"https:\/\/www.evearly.news\/fr\/la-nouvelle-bmw-serie-3-i3-est-la-voiture-electrique-avec-le-plus-dautonomie-en-france-900-km\/"},"modified":"2026-03-18T11:54:08","modified_gmt":"2026-03-18T10:54:08","slug":"la-nouvelle-bmw-serie-3-i3-est-la-voiture-electrique-avec-le-plus-dautonomie-en-france-900-km","status":"publish","type":"post","link":"https:\/\/www.evearly.news\/fr\/la-nouvelle-bmw-serie-3-i3-est-la-voiture-electrique-avec-le-plus-dautonomie-en-france-900-km\/","title":{"rendered":"La nouvelle BMW S\u00e9rie 3 (i3) est la voiture \u00e9lectrique avec le plus d\u2019autonomie en France : 900 km"},"content":{"rendered":"<p><img width=\"1200\" height=\"675\" src=\"https:\/\/www.evearly.news\/fr\/wp-content\/uploads\/sites\/6\/2026\/03\/la-nouvelle-bmw-serie-3-i3-est-la-voiture-electrique-avec-le-plus-dautonomie-en-france-900-km.jpg\" class=\"attachment-full size-full wp-post-image\" alt=\"\" decoding=\"async\" loading=\"lazy\" \/<br \/>\nBMW d\u00e9voile sa nouvelle S\u00e9rie 3 \u00e9lectrique, la BMW i3. Au programme : un design totalement revu, une autonomie XXL de 900 km et une recharge ultra-rapide. Et tout un tas de technologies in\u00e9dites sur le segment, reprises \u00e0 la nouvelle BMW iX3.<br \/>\n <a href=https:\/\/www.frandroid.com\/marques\/bmw\/3030255_la-nouvelle-bmw-serie-3-i3-est-la-voiture-electrique-avec-le-plus-dautonomie-en-france-900-km target='blank'>Lire la suite&#8230;<\/a><\/p>\n","protected":false},"excerpt":{"rendered":"<p>&lt;img width=&quot;1200&quot; height=&quot;675&quot; src=&quot;https:\/\/www.evearly.news\/fr\/wp-content\/uploads\/sites\/6\/2026\/03\/la-nouvelle-bmw-serie-3-i3-est-la-voiture-electrique-avec-le-plus-dautonomie-en-france-900-km.jpg&quot; class=&quot;attachment-full size-full wp-post-image&quot; alt=&quot;&quot; decoding=&quot;async&quot; loading=&quot;lazy&quot; \/<br \/>\nBMW d\u00e9voile sa nouvelle S\u00e9rie 3 \u00e9lectrique, la BMW i3. Au programme : un design totalement revu, une autonomie XXL de 900 km et une recharge ultra-rapide. Et tout un tas de technologies in\u00e9dites sur le segment, reprises \u00e0 la nouvelle BMW iX3.\n<\/p>\n<p> <a class=\"continue-reading-link\" href=\"https:\/\/www.evearly.news\/fr\/la-nouvelle-bmw-serie-3-i3-est-la-voiture-electrique-avec-le-plus-dautonomie-en-france-900-km\/\"><\/a><\/p>\n","protected":false},"author":6,"featured_media":319124,"comment_status":"closed","ping_status":"open","sticky":false,"template":"Default","format":"standard","meta":{"footnotes":""},"categories":[14],"tags":[],"class_list":["post-319123","post","type-post","status-publish","format-standard","has-post-thumbnail","hentry","category-frandroid"],"_links":{"self":[{"href":"https:\/\/www.evearly.news\/fr\/wp-json\/wp\/v2\/posts\/319123","targetHints":{"allow":["GET"]}}],"collection":[{"href":"https:\/\/www.evearly.news\/fr\/wp-json\/wp\/v2\/posts"}],"about":[{"href":"https:\/\/www.evearly.news\/fr\/wp-json\/wp\/v2\/types\/post"}],"author":[{"embeddable":true,"href":"https:\/\/www.evearly.news\/fr\/wp-json\/wp\/v2\/users\/6"}],"replies":[{"embeddable":true,"href":"https:\/\/www.evearly.news\/fr\/wp-json\/wp\/v2\/comments?post=319123"}],"version-history":[{"count":0,"href":"https:\/\/www.evearly.news\/fr\/wp-json\/wp\/v2\/posts\/319123\/revisions"}],"wp:featuredmedia":[{"embeddable":true,"href":"https:\/\/www.evearly.news\/fr\/wp-json\/wp\/v2\/media\/319124"}],"wp:attachment":[{"href":"https:\/\/www.evearly.news\/fr\/wp-json\/wp\/v2\/media?parent=319123"}],"wp:term":[{"taxonomy":"category","embeddable":true,"href":"https:\/\/www.evearly.news\/fr\/wp-json\/wp\/v2\/categories?post=319123"},{"taxonomy":"post_tag","embeddable":true,"href":"https:\/\/www.evearly.news\/fr\/wp-json\/wp\/v2\/tags?post=319123"}],"curies":[{"name":"wp","href":"https:\/\/api.w.org\/{rel}","templated":true}]}}