{"id":319125,"date":"2026-03-18T11:54:25","date_gmt":"2026-03-18T10:54:25","guid":{"rendered":"https:\/\/www.evearly.news\/fr\/on-a-une-idee-de-lautonomie-xxl-de-la-nouvelle-mercedes-classe-c-electrique-grace-a-ces-premiers-essais\/"},"modified":"2026-03-18T11:54:25","modified_gmt":"2026-03-18T10:54:25","slug":"on-a-une-idee-de-lautonomie-xxl-de-la-nouvelle-mercedes-classe-c-electrique-grace-a-ces-premiers-essais","status":"publish","type":"post","link":"https:\/\/www.evearly.news\/fr\/on-a-une-idee-de-lautonomie-xxl-de-la-nouvelle-mercedes-classe-c-electrique-grace-a-ces-premiers-essais\/","title":{"rendered":"On a une id\u00e9e de l\u2019autonomie XXL de la nouvelle Mercedes Classe C \u00e9lectrique gr\u00e2ce \u00e0 ces premiers essais"},"content":{"rendered":"<p><img width=\"1200\" height=\"675\" src=\"https:\/\/www.evearly.news\/fr\/wp-content\/uploads\/sites\/6\/2026\/03\/on-a-une-idee-de-lautonomie-xxl-de-la-nouvelle-mercedes-classe-c-electrique-grace-a-ces-premiers-essais.jpg\" class=\"attachment-full size-full wp-post-image\" alt=\"\" decoding=\"async\" loading=\"lazy\" \/<br \/>\nLa nouvelle Mercedes Classe C \u00e9lectrique a d\u00e9j\u00e0 \u00e9t\u00e9 essay\u00e9e par des journalistes. L&rsquo;occasion d&rsquo;apprendre son autonomie, et d&rsquo;en savoir plus sur sa fiche technique et son confort face aux BMW i3 (S\u00e9rie 3 \u00e9lectrique) et Tesla Model 3.<br \/>\n <a href=https:\/\/www.frandroid.com\/marques\/mercedes-benz\/3030721_on-connait-lautonomie-xxl-de-la-nouvelle-mercedes-classe-c-electrique-grace-a-ces-premiers-essais target='blank'>Lire la suite&#8230;<\/a><\/p>\n","protected":false},"excerpt":{"rendered":"<p>&lt;img width=&quot;1200&quot; height=&quot;675&quot; src=&quot;https:\/\/www.evearly.news\/fr\/wp-content\/uploads\/sites\/6\/2026\/03\/on-a-une-idee-de-lautonomie-xxl-de-la-nouvelle-mercedes-classe-c-electrique-grace-a-ces-premiers-essais.jpg&quot; class=&quot;attachment-full size-full wp-post-image&quot; alt=&quot;&quot; decoding=&quot;async&quot; loading=&quot;lazy&quot; \/<br \/>\nLa nouvelle Mercedes Classe C \u00e9lectrique a d\u00e9j\u00e0 \u00e9t\u00e9 essay\u00e9e par des journalistes. L&rsquo;occasion d&rsquo;apprendre son autonomie, et d&rsquo;en savoir plus sur sa fiche technique et son confort face aux BMW i3 (S\u00e9rie 3 \u00e9lectrique) et Tesla Model 3.\n<\/p>\n<p> <a class=\"continue-reading-link\" href=\"https:\/\/www.evearly.news\/fr\/on-a-une-idee-de-lautonomie-xxl-de-la-nouvelle-mercedes-classe-c-electrique-grace-a-ces-premiers-essais\/\"><\/a><\/p>\n","protected":false},"author":6,"featured_media":319126,"comment_status":"closed","ping_status":"open","sticky":false,"template":"Default","format":"standard","meta":{"footnotes":""},"categories":[14],"tags":[],"class_list":["post-319125","post","type-post","status-publish","format-standard","has-post-thumbnail","hentry","category-frandroid"],"_links":{"self":[{"href":"https:\/\/www.evearly.news\/fr\/wp-json\/wp\/v2\/posts\/319125","targetHints":{"allow":["GET"]}}],"collection":[{"href":"https:\/\/www.evearly.news\/fr\/wp-json\/wp\/v2\/posts"}],"about":[{"href":"https:\/\/www.evearly.news\/fr\/wp-json\/wp\/v2\/types\/post"}],"author":[{"embeddable":true,"href":"https:\/\/www.evearly.news\/fr\/wp-json\/wp\/v2\/users\/6"}],"replies":[{"embeddable":true,"href":"https:\/\/www.evearly.news\/fr\/wp-json\/wp\/v2\/comments?post=319125"}],"version-history":[{"count":0,"href":"https:\/\/www.evearly.news\/fr\/wp-json\/wp\/v2\/posts\/319125\/revisions"}],"wp:featuredmedia":[{"embeddable":true,"href":"https:\/\/www.evearly.news\/fr\/wp-json\/wp\/v2\/media\/319126"}],"wp:attachment":[{"href":"https:\/\/www.evearly.news\/fr\/wp-json\/wp\/v2\/media?parent=319125"}],"wp:term":[{"taxonomy":"category","embeddable":true,"href":"https:\/\/www.evearly.news\/fr\/wp-json\/wp\/v2\/categories?post=319125"},{"taxonomy":"post_tag","embeddable":true,"href":"https:\/\/www.evearly.news\/fr\/wp-json\/wp\/v2\/tags?post=319125"}],"curies":[{"name":"wp","href":"https:\/\/api.w.org\/{rel}","templated":true}]}}