{"id":321446,"date":"2026-04-26T08:14:36","date_gmt":"2026-04-26T06:14:36","guid":{"rendered":"https:\/\/www.evearly.news\/fr\/actualite-hyundai-ioniq-3-enfin-une-voiture-electrique-taillee-pour-leurope\/"},"modified":"2026-04-26T08:14:36","modified_gmt":"2026-04-26T06:14:36","slug":"actualite-hyundai-ioniq-3-enfin-une-voiture-electrique-taillee-pour-leurope","status":"publish","type":"post","link":"https:\/\/www.evearly.news\/fr\/actualite-hyundai-ioniq-3-enfin-une-voiture-electrique-taillee-pour-leurope\/","title":{"rendered":"Actualit\u00e9 : Hyundai Ioniq 3 : enfin une voiture \u00e9lectrique taill\u00e9e pour l&rsquo;Europe"},"content":{"rendered":"<p><img src='https:\/\/www.evearly.news\/fr\/wp-content\/uploads\/sites\/6\/2026\/04\/actualite-hyundai-ioniq-3-enfin-une-voiture-electrique-taillee-pour-leurope.jpg' alt='Les Num\u00e9riques' \/>Aussi s\u00e9duisante soit-elle, la gamme de voitures 100\u00a0% \u00e9lectriques Ioniq de Hyundai se concentrait jusqu&rsquo;alors sur les segments sup\u00e9rieurs. La marque lance d\u00e9sormais un mod\u00e8le citadin appel\u00e9 Ioniq\u00a03, d\u00e9velopp\u00e9 pour le march\u00e9 europ\u00e9en. <a href=https:\/\/www.lesnumeriques.com\/voiture-electrique\/hyundai-ioniq-3-enfin-une-voiture-electrique-taillee-pour-l-europe-n254647.html target='blank'>Lire la suite&#8230;<\/a><\/p>\n","protected":false},"excerpt":{"rendered":"<p>Aussi s\u00e9duisante soit-elle, la gamme de voitures 100\u00a0% \u00e9lectriques Ioniq de Hyundai se concentrait jusqu&rsquo;alors sur les segments sup\u00e9rieurs. La marque lance d\u00e9sormais un mod\u00e8le citadin appel\u00e9 Ioniq\u00a03, d\u00e9velopp\u00e9 pour le&#8230; <a class=\"continue-reading-link\" href=\"https:\/\/www.evearly.news\/fr\/actualite-hyundai-ioniq-3-enfin-une-voiture-electrique-taillee-pour-leurope\/\"><\/a><\/p>\n","protected":false},"author":15,"featured_media":321447,"comment_status":"closed","ping_status":"open","sticky":false,"template":"Default","format":"standard","meta":{"footnotes":""},"categories":[16],"tags":[],"class_list":["post-321446","post","type-post","status-publish","format-standard","has-post-thumbnail","hentry","category-lesnumeriques"],"_links":{"self":[{"href":"https:\/\/www.evearly.news\/fr\/wp-json\/wp\/v2\/posts\/321446","targetHints":{"allow":["GET"]}}],"collection":[{"href":"https:\/\/www.evearly.news\/fr\/wp-json\/wp\/v2\/posts"}],"about":[{"href":"https:\/\/www.evearly.news\/fr\/wp-json\/wp\/v2\/types\/post"}],"author":[{"embeddable":true,"href":"https:\/\/www.evearly.news\/fr\/wp-json\/wp\/v2\/users\/15"}],"replies":[{"embeddable":true,"href":"https:\/\/www.evearly.news\/fr\/wp-json\/wp\/v2\/comments?post=321446"}],"version-history":[{"count":0,"href":"https:\/\/www.evearly.news\/fr\/wp-json\/wp\/v2\/posts\/321446\/revisions"}],"wp:featuredmedia":[{"embeddable":true,"href":"https:\/\/www.evearly.news\/fr\/wp-json\/wp\/v2\/media\/321447"}],"wp:attachment":[{"href":"https:\/\/www.evearly.news\/fr\/wp-json\/wp\/v2\/media?parent=321446"}],"wp:term":[{"taxonomy":"category","embeddable":true,"href":"https:\/\/www.evearly.news\/fr\/wp-json\/wp\/v2\/categories?post=321446"},{"taxonomy":"post_tag","embeddable":true,"href":"https:\/\/www.evearly.news\/fr\/wp-json\/wp\/v2\/tags?post=321446"}],"curies":[{"name":"wp","href":"https:\/\/api.w.org\/{rel}","templated":true}]}}