{"id":321448,"date":"2026-04-26T09:00:05","date_gmt":"2026-04-26T07:00:05","guid":{"rendered":"https:\/\/www.evearly.news\/fr\/supertest-volvo-es90-les-temps-de-recharge-et-de-voyage-de-notre-essai\/"},"modified":"2026-04-26T09:00:05","modified_gmt":"2026-04-26T07:00:05","slug":"supertest-volvo-es90-les-temps-de-recharge-et-de-voyage-de-notre-essai","status":"publish","type":"post","link":"https:\/\/www.evearly.news\/fr\/supertest-volvo-es90-les-temps-de-recharge-et-de-voyage-de-notre-essai\/","title":{"rendered":"Supertest : Volvo ES90, les temps de recharge et de voyage de notre essai"},"content":{"rendered":"<p><img decoding=\"async\" width=\"500\" height=\"333\" src=\"https:\/\/www.evearly.news\/fr\/wp-content\/uploads\/sites\/6\/2026\/04\/supertest-volvo-es90-les-temps-de-recharge-et-de-voyage-de-notre-essai.jpg\" class=\"attachment-1200x800 size-1200x800 wp-post-image\" alt=\"\" loading=\"lazy\" srcset=\"https:\/\/www.evearly.news\/fr\/wp-content\/uploads\/sites\/6\/2026\/04\/supertest-volvo-es90-les-temps-de-recharge-et-de-voyage-de-notre-essai.jpg 1200w, https:\/\/www.evearly.news\/fr\/wp-content\/uploads\/sites\/6\/2026\/04\/supertest-volvo-es90-les-temps-de-recharge-et-de-voyage-de-notre-essai-1.jpg 1024w, https:\/\/www.evearly.news\/fr\/wp-content\/uploads\/sites\/6\/2026\/04\/supertest-volvo-es90-les-temps-de-recharge-et-de-voyage-de-notre-essai-2.jpg 140w, https:\/\/www.evearly.news\/fr\/wp-content\/uploads\/sites\/6\/2026\/04\/supertest-volvo-es90-les-temps-de-recharge-et-de-voyage-de-notre-essai-3.jpg 768w, https:\/\/www.evearly.news\/fr\/wp-content\/uploads\/sites\/6\/2026\/04\/supertest-volvo-es90-les-temps-de-recharge-et-de-voyage-de-notre-essai-4.jpg 700w, https:\/\/www.evearly.news\/fr\/wp-content\/uploads\/sites\/6\/2026\/04\/supertest-volvo-es90-les-temps-de-recharge-et-de-voyage-de-notre-essai-5.jpg 960w, https:\/\/cdn.automobile-propre.com\/uploads\/2026\/03\/Essai-Supertest-Volvo-ES90-Single-47-100x66.jpg 100w\" sizes=\"auto, (max-width: 1200px) 100vw, 1200px\" \/><br \/>\nLa Volvo ES90 est la premi\u00e8re \u00e9lectrique de la marque \u00e0 adopter la technologie 800 V. Un r\u00e9el avantage ou\u2026\u00a0<a href=https:\/\/www.automobile-propre.com\/articles\/supertest-volvo-es90-les-temps-de-recharge-et-de-voyage-de-notre-essai\/ target='bwindow'>Lire la suite&#8230;<\/a><\/p>\n","protected":false},"excerpt":{"rendered":"<p>&#8230; <a class=\"continue-reading-link\" href=\"https:\/\/www.evearly.news\/fr\/supertest-volvo-es90-les-temps-de-recharge-et-de-voyage-de-notre-essai\/\"><\/a><\/p>\n","protected":false},"author":8,"featured_media":321449,"comment_status":"closed","ping_status":"open","sticky":false,"template":"Default","format":"standard","meta":{"footnotes":""},"categories":[8],"tags":[],"class_list":["post-321448","post","type-post","status-publish","format-standard","has-post-thumbnail","hentry","category-automobile-propre"],"_links":{"self":[{"href":"https:\/\/www.evearly.news\/fr\/wp-json\/wp\/v2\/posts\/321448","targetHints":{"allow":["GET"]}}],"collection":[{"href":"https:\/\/www.evearly.news\/fr\/wp-json\/wp\/v2\/posts"}],"about":[{"href":"https:\/\/www.evearly.news\/fr\/wp-json\/wp\/v2\/types\/post"}],"author":[{"embeddable":true,"href":"https:\/\/www.evearly.news\/fr\/wp-json\/wp\/v2\/users\/8"}],"replies":[{"embeddable":true,"href":"https:\/\/www.evearly.news\/fr\/wp-json\/wp\/v2\/comments?post=321448"}],"version-history":[{"count":0,"href":"https:\/\/www.evearly.news\/fr\/wp-json\/wp\/v2\/posts\/321448\/revisions"}],"wp:featuredmedia":[{"embeddable":true,"href":"https:\/\/www.evearly.news\/fr\/wp-json\/wp\/v2\/media\/321449"}],"wp:attachment":[{"href":"https:\/\/www.evearly.news\/fr\/wp-json\/wp\/v2\/media?parent=321448"}],"wp:term":[{"taxonomy":"category","embeddable":true,"href":"https:\/\/www.evearly.news\/fr\/wp-json\/wp\/v2\/categories?post=321448"},{"taxonomy":"post_tag","embeddable":true,"href":"https:\/\/www.evearly.news\/fr\/wp-json\/wp\/v2\/tags?post=321448"}],"curies":[{"name":"wp","href":"https:\/\/api.w.org\/{rel}","templated":true}]}}