{"id":321450,"date":"2026-04-26T10:02:30","date_gmt":"2026-04-26T08:02:30","guid":{"rendered":"https:\/\/www.evearly.news\/fr\/le-groupe-chery-annonce-ses-ambitions-pour-la-france\/"},"modified":"2026-04-26T10:02:30","modified_gmt":"2026-04-26T08:02:30","slug":"le-groupe-chery-annonce-ses-ambitions-pour-la-france","status":"publish","type":"post","link":"https:\/\/www.evearly.news\/fr\/le-groupe-chery-annonce-ses-ambitions-pour-la-france\/","title":{"rendered":"Le groupe Chery annonce ses ambitions pour la France"},"content":{"rendered":"<p><img decoding=\"async\" src=\"https:\/\/www.evearly.news\/fr\/wp-content\/uploads\/sites\/6\/2026\/04\/le-groupe-chery-annonce-ses-ambitions-pour-la-france.webp\" alt=\"auto-moto\"><br \/>Cr\u00e9\u00e9 en 1997, le groupe Chery a toujours \u00e9t\u00e9 une entit\u00e9 en grande partie d\u00e9di\u00e9e \u00e0 l&rsquo;exportation plut\u00f4t qu&rsquo;au march\u00e9 chinois. Depuis avril, Omoda et Jaecoo est la premi\u00e8re marque de ce groupe \u00e0 avoir d\u00e9barqu\u00e9 en France. D&rsquo;ici deux ans, huit nouveaux mod\u00e8les du groupe seront lanc\u00e9es dans l&rsquo;hexagone, sous diff\u00e9rentes entit\u00e9s. \u00c0 P\u00e9kin, Lionel French-Keogh, le pr\u00e9sident de Omoda et Jaecoo France,\u00a0 a annonc\u00e9 le plan produits fran\u00e7ais de Chery Group d&rsquo;ici deux ans. <a href=https:\/\/www.auto-moto.com\/en-bref\/le-groupe-chery-annonce-ses-ambitions-pour-la-france-73731 target=blank>Lire la suite&#8230;<\/a><\/p>\n","protected":false},"excerpt":{"rendered":"<p>Cr\u00e9\u00e9 en 1997, le groupe Chery a toujours \u00e9t\u00e9 une entit\u00e9 en grande partie d\u00e9di\u00e9e \u00e0 l&rsquo;exportation plut\u00f4t qu&rsquo;au march\u00e9 chinois. Depuis avril, Omoda et Jaecoo est la premi\u00e8re marque de ce groupe \u00e0 avoir d\u00e9barqu\u00e9 en France. D&rsquo;ici deux ans, huit nouveaux mod\u00e8les du groupe seront lanc\u00e9es dans l&rsquo;hexagone, sous&#8230; <a class=\"continue-reading-link\" href=\"https:\/\/www.evearly.news\/fr\/le-groupe-chery-annonce-ses-ambitions-pour-la-france\/\"><\/a><\/p>\n","protected":false},"author":9,"featured_media":321451,"comment_status":"closed","ping_status":"open","sticky":false,"template":"Default","format":"standard","meta":{"footnotes":""},"categories":[10],"tags":[],"class_list":["post-321450","post","type-post","status-publish","format-standard","has-post-thumbnail","hentry","category-auto-moto-com"],"_links":{"self":[{"href":"https:\/\/www.evearly.news\/fr\/wp-json\/wp\/v2\/posts\/321450","targetHints":{"allow":["GET"]}}],"collection":[{"href":"https:\/\/www.evearly.news\/fr\/wp-json\/wp\/v2\/posts"}],"about":[{"href":"https:\/\/www.evearly.news\/fr\/wp-json\/wp\/v2\/types\/post"}],"author":[{"embeddable":true,"href":"https:\/\/www.evearly.news\/fr\/wp-json\/wp\/v2\/users\/9"}],"replies":[{"embeddable":true,"href":"https:\/\/www.evearly.news\/fr\/wp-json\/wp\/v2\/comments?post=321450"}],"version-history":[{"count":0,"href":"https:\/\/www.evearly.news\/fr\/wp-json\/wp\/v2\/posts\/321450\/revisions"}],"wp:featuredmedia":[{"embeddable":true,"href":"https:\/\/www.evearly.news\/fr\/wp-json\/wp\/v2\/media\/321451"}],"wp:attachment":[{"href":"https:\/\/www.evearly.news\/fr\/wp-json\/wp\/v2\/media?parent=321450"}],"wp:term":[{"taxonomy":"category","embeddable":true,"href":"https:\/\/www.evearly.news\/fr\/wp-json\/wp\/v2\/categories?post=321450"},{"taxonomy":"post_tag","embeddable":true,"href":"https:\/\/www.evearly.news\/fr\/wp-json\/wp\/v2\/tags?post=321450"}],"curies":[{"name":"wp","href":"https:\/\/api.w.org\/{rel}","templated":true}]}}