{"id":321452,"date":"2026-04-26T10:03:15","date_gmt":"2026-04-26T08:03:15","guid":{"rendered":"https:\/\/www.evearly.news\/fr\/nouvelle-mercedes-classe-c-electrique-pas-de-version-break-a-cause-des-americains\/"},"modified":"2026-04-26T10:03:15","modified_gmt":"2026-04-26T08:03:15","slug":"nouvelle-mercedes-classe-c-electrique-pas-de-version-break-a-cause-des-americains","status":"publish","type":"post","link":"https:\/\/www.evearly.news\/fr\/nouvelle-mercedes-classe-c-electrique-pas-de-version-break-a-cause-des-americains\/","title":{"rendered":"Nouvelle Mercedes Classe C \u00e9lectrique : pas de version break\u2026 \u00e0 cause des Am\u00e9ricains"},"content":{"rendered":"<p><img loading=\"lazy\" decoding=\"async\" width=\"500\" height=\"333\" src=\"https:\/\/www.evearly.news\/fr\/wp-content\/uploads\/sites\/6\/2026\/04\/nouvelle-mercedes-classe-c-electrique-pas-de-version-break-a-cause-des-americains.jpg\" class=\"attachment-1200x800 size-1200x800 wp-post-image\" alt=\"\" srcset=\"https:\/\/www.evearly.news\/fr\/wp-content\/uploads\/sites\/6\/2026\/04\/nouvelle-mercedes-classe-c-electrique-pas-de-version-break-a-cause-des-americains.jpg 1920w, https:\/\/www.evearly.news\/fr\/wp-content\/uploads\/sites\/6\/2026\/04\/nouvelle-mercedes-classe-c-electrique-pas-de-version-break-a-cause-des-americains-1.jpg 1640w, https:\/\/www.evearly.news\/fr\/wp-content\/uploads\/sites\/6\/2026\/04\/nouvelle-mercedes-classe-c-electrique-pas-de-version-break-a-cause-des-americains-2.jpg 1024w, https:\/\/www.evearly.news\/fr\/wp-content\/uploads\/sites\/6\/2026\/04\/nouvelle-mercedes-classe-c-electrique-pas-de-version-break-a-cause-des-americains-3.jpg 768w, https:\/\/www.evearly.news\/fr\/wp-content\/uploads\/sites\/6\/2026\/04\/nouvelle-mercedes-classe-c-electrique-pas-de-version-break-a-cause-des-americains-4.jpg 1536w, https:\/\/www.evearly.news\/fr\/wp-content\/uploads\/sites\/6\/2026\/04\/nouvelle-mercedes-classe-c-electrique-pas-de-version-break-a-cause-des-americains-5.jpg 700w, https:\/\/cdn.automobile-propre.com\/uploads\/2026\/04\/Mercedes-Classe-C-2026-electrique-presentation-fiche-technique-prix-31-960x540.jpg 960w\" sizes=\"auto, (max-width: 1200px) 100vw, 1200px\" \/><br \/>\nLa Mercedes Classe C \u00e9lectrique sera vraisemblablement propos\u00e9e uniquement en version berline&#8230; Pas de break au programme. Pourquoi ? Car les Am\u00e9ricains et les Chinois n&rsquo;aiment pas les breaks.\u00a0<a href=https:\/\/www.automobile-propre.com\/breves\/nouvelle-mercedes-classe-c-electrique-pas-de-version-break-a-cause-des-americains\/ target='bwindow'>Lire la suite&#8230;<\/a><\/p>\n","protected":false},"excerpt":{"rendered":"<p>&#8230; <a class=\"continue-reading-link\" href=\"https:\/\/www.evearly.news\/fr\/nouvelle-mercedes-classe-c-electrique-pas-de-version-break-a-cause-des-americains\/\"><\/a><\/p>\n","protected":false},"author":8,"featured_media":321453,"comment_status":"closed","ping_status":"open","sticky":false,"template":"Default","format":"standard","meta":{"footnotes":""},"categories":[8],"tags":[],"class_list":["post-321452","post","type-post","status-publish","format-standard","has-post-thumbnail","hentry","category-automobile-propre"],"_links":{"self":[{"href":"https:\/\/www.evearly.news\/fr\/wp-json\/wp\/v2\/posts\/321452","targetHints":{"allow":["GET"]}}],"collection":[{"href":"https:\/\/www.evearly.news\/fr\/wp-json\/wp\/v2\/posts"}],"about":[{"href":"https:\/\/www.evearly.news\/fr\/wp-json\/wp\/v2\/types\/post"}],"author":[{"embeddable":true,"href":"https:\/\/www.evearly.news\/fr\/wp-json\/wp\/v2\/users\/8"}],"replies":[{"embeddable":true,"href":"https:\/\/www.evearly.news\/fr\/wp-json\/wp\/v2\/comments?post=321452"}],"version-history":[{"count":0,"href":"https:\/\/www.evearly.news\/fr\/wp-json\/wp\/v2\/posts\/321452\/revisions"}],"wp:featuredmedia":[{"embeddable":true,"href":"https:\/\/www.evearly.news\/fr\/wp-json\/wp\/v2\/media\/321453"}],"wp:attachment":[{"href":"https:\/\/www.evearly.news\/fr\/wp-json\/wp\/v2\/media?parent=321452"}],"wp:term":[{"taxonomy":"category","embeddable":true,"href":"https:\/\/www.evearly.news\/fr\/wp-json\/wp\/v2\/categories?post=321452"},{"taxonomy":"post_tag","embeddable":true,"href":"https:\/\/www.evearly.news\/fr\/wp-json\/wp\/v2\/tags?post=321452"}],"curies":[{"name":"wp","href":"https:\/\/api.w.org\/{rel}","templated":true}]}}