{"id":321460,"date":"2026-04-26T12:04:13","date_gmt":"2026-04-26T10:04:13","guid":{"rendered":"https:\/\/www.evearly.news\/fr\/et-si-toutes-les-conditions-etaient-deja-reunies-pour-que-le-transport-lourd-passe-massivement-a-lelectrique\/"},"modified":"2026-04-26T12:04:13","modified_gmt":"2026-04-26T10:04:13","slug":"et-si-toutes-les-conditions-etaient-deja-reunies-pour-que-le-transport-lourd-passe-massivement-a-lelectrique","status":"publish","type":"post","link":"https:\/\/www.evearly.news\/fr\/et-si-toutes-les-conditions-etaient-deja-reunies-pour-que-le-transport-lourd-passe-massivement-a-lelectrique\/","title":{"rendered":"Et si toutes les conditions \u00e9taient d\u00e9j\u00e0 r\u00e9unies pour que le transport lourd passe massivement \u00e0 l\u2019\u00e9lectrique ?"},"content":{"rendered":"<p><img decoding=\"async\" width=\"500\" height=\"333\" src=\"https:\/\/www.evearly.news\/fr\/wp-content\/uploads\/sites\/6\/2026\/04\/et-si-toutes-les-conditions-etaient-deja-reunies-pour-que-le-transport-lourd-passe-massivement-a-lelectrique.jpg\" class=\"attachment-1200x800 size-1200x800 wp-post-image\" alt=\"\" loading=\"lazy\" srcset=\"https:\/\/www.evearly.news\/fr\/wp-content\/uploads\/sites\/6\/2026\/04\/et-si-toutes-les-conditions-etaient-deja-reunies-pour-que-le-transport-lourd-passe-massivement-a-lelectrique.jpg 1200w, https:\/\/www.evearly.news\/fr\/wp-content\/uploads\/sites\/6\/2026\/04\/et-si-toutes-les-conditions-etaient-deja-reunies-pour-que-le-transport-lourd-passe-massivement-a-lelectrique-1.jpg 1024w, https:\/\/www.evearly.news\/fr\/wp-content\/uploads\/sites\/6\/2026\/04\/et-si-toutes-les-conditions-etaient-deja-reunies-pour-que-le-transport-lourd-passe-massivement-a-lelectrique-2.jpg 140w, https:\/\/www.evearly.news\/fr\/wp-content\/uploads\/sites\/6\/2026\/04\/et-si-toutes-les-conditions-etaient-deja-reunies-pour-que-le-transport-lourd-passe-massivement-a-lelectrique-3.jpg 768w, https:\/\/www.evearly.news\/fr\/wp-content\/uploads\/sites\/6\/2026\/04\/et-si-toutes-les-conditions-etaient-deja-reunies-pour-que-le-transport-lourd-passe-massivement-a-lelectrique-4.jpg 620w, https:\/\/www.evearly.news\/fr\/wp-content\/uploads\/sites\/6\/2026\/04\/et-si-toutes-les-conditions-etaient-deja-reunies-pour-que-le-transport-lourd-passe-massivement-a-lelectrique-5.jpg 100w, https:\/\/www.evearly.news\/fr\/wp-content\/uploads\/sites\/6\/2026\/04\/et-si-toutes-les-conditions-etaient-deja-reunies-pour-que-le-transport-lourd-passe-massivement-a-lelectrique-6.jpg 190w, https:\/\/cdn.automobile-propre.com\/uploads\/2023\/09\/Nikola-camion-electrique-600x400.jpg 600w\" sizes=\"auto, (max-width: 1200px) 100vw, 1200px\" \/><br \/>\nD&rsquo;abord ambitieuse, l&rsquo;Union europ\u00e9enne a finalement d\u00e9cid\u00e9 de revoir sa strat\u00e9gie en mati\u00e8re d&rsquo;\u00e9lectrification du transport lourd. Le Parlement a\u2026\u00a0<a href=https:\/\/www.automobile-propre.com\/articles\/et-si-toutes-les-conditions-etaient-deja-reunies-pour-que-le-transport-lourd-passe-massivement-a-lelectrique\/ target='bwindow'>Lire la suite&#8230;<\/a><\/p>\n","protected":false},"excerpt":{"rendered":"<p>&#8230; <a class=\"continue-reading-link\" href=\"https:\/\/www.evearly.news\/fr\/et-si-toutes-les-conditions-etaient-deja-reunies-pour-que-le-transport-lourd-passe-massivement-a-lelectrique\/\"><\/a><\/p>\n","protected":false},"author":8,"featured_media":321461,"comment_status":"closed","ping_status":"open","sticky":false,"template":"Default","format":"standard","meta":{"footnotes":""},"categories":[8],"tags":[],"class_list":["post-321460","post","type-post","status-publish","format-standard","has-post-thumbnail","hentry","category-automobile-propre"],"_links":{"self":[{"href":"https:\/\/www.evearly.news\/fr\/wp-json\/wp\/v2\/posts\/321460","targetHints":{"allow":["GET"]}}],"collection":[{"href":"https:\/\/www.evearly.news\/fr\/wp-json\/wp\/v2\/posts"}],"about":[{"href":"https:\/\/www.evearly.news\/fr\/wp-json\/wp\/v2\/types\/post"}],"author":[{"embeddable":true,"href":"https:\/\/www.evearly.news\/fr\/wp-json\/wp\/v2\/users\/8"}],"replies":[{"embeddable":true,"href":"https:\/\/www.evearly.news\/fr\/wp-json\/wp\/v2\/comments?post=321460"}],"version-history":[{"count":0,"href":"https:\/\/www.evearly.news\/fr\/wp-json\/wp\/v2\/posts\/321460\/revisions"}],"wp:featuredmedia":[{"embeddable":true,"href":"https:\/\/www.evearly.news\/fr\/wp-json\/wp\/v2\/media\/321461"}],"wp:attachment":[{"href":"https:\/\/www.evearly.news\/fr\/wp-json\/wp\/v2\/media?parent=321460"}],"wp:term":[{"taxonomy":"category","embeddable":true,"href":"https:\/\/www.evearly.news\/fr\/wp-json\/wp\/v2\/categories?post=321460"},{"taxonomy":"post_tag","embeddable":true,"href":"https:\/\/www.evearly.news\/fr\/wp-json\/wp\/v2\/tags?post=321460"}],"curies":[{"name":"wp","href":"https:\/\/api.w.org\/{rel}","templated":true}]}}