{"id":321464,"date":"2026-04-26T12:13:06","date_gmt":"2026-04-26T10:13:06","guid":{"rendered":"https:\/\/www.evearly.news\/fr\/on-a-teste-laudi-s-e-tron-gt-un-monstre-de-680-ch-qui-vous-brouille-la-vue\/"},"modified":"2026-04-26T12:13:06","modified_gmt":"2026-04-26T10:13:06","slug":"on-a-teste-laudi-s-e-tron-gt-un-monstre-de-680-ch-qui-vous-brouille-la-vue","status":"publish","type":"post","link":"https:\/\/www.evearly.news\/fr\/on-a-teste-laudi-s-e-tron-gt-un-monstre-de-680-ch-qui-vous-brouille-la-vue\/","title":{"rendered":"On a test\u00e9 l\u2019Audi S e-tron GT\u00a0: un monstre de 680 ch qui vous brouille la vue\u00a0!"},"content":{"rendered":"<p><img width=\"1920\" height=\"1280\" src=\"https:\/\/www.evearly.news\/fr\/wp-content\/uploads\/sites\/6\/2026\/04\/on-a-teste-laudi-s-e-tron-gt-un-monstre-de-680-ch-qui-vous-brouille-la-vue.jpg\" class=\"attachment-full size-full wp-post-image\" alt=\"Audi S E Tron Gt (5)\" decoding=\"async\" loading=\"lazy\" srcset=\"https:\/\/www.evearly.news\/fr\/wp-content\/uploads\/sites\/6\/2026\/04\/on-a-teste-laudi-s-e-tron-gt-un-monstre-de-680-ch-qui-vous-brouille-la-vue.jpg 1920w, https:\/\/www.evearly.news\/fr\/wp-content\/uploads\/sites\/6\/2026\/04\/on-a-teste-laudi-s-e-tron-gt-un-monstre-de-680-ch-qui-vous-brouille-la-vue-1.jpg 384w, https:\/\/www.evearly.news\/fr\/wp-content\/uploads\/sites\/6\/2026\/04\/on-a-teste-laudi-s-e-tron-gt-un-monstre-de-680-ch-qui-vous-brouille-la-vue-2.jpg 880w, https:\/\/www.evearly.news\/fr\/wp-content\/uploads\/sites\/6\/2026\/04\/on-a-teste-laudi-s-e-tron-gt-un-monstre-de-680-ch-qui-vous-brouille-la-vue-3.jpg 50w, https:\/\/www.evearly.news\/fr\/wp-content\/uploads\/sites\/6\/2026\/04\/on-a-teste-laudi-s-e-tron-gt-un-monstre-de-680-ch-qui-vous-brouille-la-vue-4.jpg 640w, https:\/\/www.evearly.news\/fr\/wp-content\/uploads\/sites\/6\/2026\/04\/on-a-teste-laudi-s-e-tron-gt-un-monstre-de-680-ch-qui-vous-brouille-la-vue-5.jpg 1280w, https:\/\/www.presse-citron.net\/app\/uploads\/2026\/04\/audi-s-e-tron-GT-5-1632x1088.jpg 1632w\" sizes=\"auto, (max-width: 1920px) 100vw, 1920px\"><\/p>\n<p>L\u2019Audi S e-tron GT est un sacr\u00e9 ph\u00e9nom\u00e8ne \u00e9lectrique. N\u00e9e avec le circuit dans les veines, elle promet l\u2019\u00e9clate, quitte \u00e0 sacrifier quelques politesses d\u2019usage. C\u2019est confirm\u00e9, nous y avons tout de m\u00eame pris notre pied.<a href=\"https:\/\/www.presse-citron.net\/on-a-teste-laudi-s-e-tron-gt-monstre-680-ch-qui-brouille-la-vue\/\" target=blank> Lire la suite&#8230;<\/a><\/p>\n","protected":false},"excerpt":{"rendered":"<p>L\u2019Audi S e-tron GT est un sacr\u00e9 ph\u00e9nom\u00e8ne \u00e9lectrique. N\u00e9e avec le circuit dans les veines, elle promet l\u2019\u00e9clate, quitte \u00e0 sacrifier quelques politesses d\u2019usage. C\u2019est confirm\u00e9, nous y avons tout de m\u00eame pris notre pied&#8230;. <a class=\"continue-reading-link\" href=\"https:\/\/www.evearly.news\/fr\/on-a-teste-laudi-s-e-tron-gt-un-monstre-de-680-ch-qui-vous-brouille-la-vue\/\"><\/a><\/p>\n","protected":false},"author":18,"featured_media":321465,"comment_status":"closed","ping_status":"open","sticky":false,"template":"Default","format":"standard","meta":{"footnotes":""},"categories":[19],"tags":[],"class_list":["post-321464","post","type-post","status-publish","format-standard","has-post-thumbnail","hentry","category-presse-citron"],"_links":{"self":[{"href":"https:\/\/www.evearly.news\/fr\/wp-json\/wp\/v2\/posts\/321464","targetHints":{"allow":["GET"]}}],"collection":[{"href":"https:\/\/www.evearly.news\/fr\/wp-json\/wp\/v2\/posts"}],"about":[{"href":"https:\/\/www.evearly.news\/fr\/wp-json\/wp\/v2\/types\/post"}],"author":[{"embeddable":true,"href":"https:\/\/www.evearly.news\/fr\/wp-json\/wp\/v2\/users\/18"}],"replies":[{"embeddable":true,"href":"https:\/\/www.evearly.news\/fr\/wp-json\/wp\/v2\/comments?post=321464"}],"version-history":[{"count":0,"href":"https:\/\/www.evearly.news\/fr\/wp-json\/wp\/v2\/posts\/321464\/revisions"}],"wp:featuredmedia":[{"embeddable":true,"href":"https:\/\/www.evearly.news\/fr\/wp-json\/wp\/v2\/media\/321465"}],"wp:attachment":[{"href":"https:\/\/www.evearly.news\/fr\/wp-json\/wp\/v2\/media?parent=321464"}],"wp:term":[{"taxonomy":"category","embeddable":true,"href":"https:\/\/www.evearly.news\/fr\/wp-json\/wp\/v2\/categories?post=321464"},{"taxonomy":"post_tag","embeddable":true,"href":"https:\/\/www.evearly.news\/fr\/wp-json\/wp\/v2\/tags?post=321464"}],"curies":[{"name":"wp","href":"https:\/\/api.w.org\/{rel}","templated":true}]}}