{"id":321468,"date":"2026-04-26T14:02:34","date_gmt":"2026-04-26T12:02:34","guid":{"rendered":"https:\/\/www.evearly.news\/fr\/temoignage-une-mg-zs-ev-comme-premiere-voiture-electrique-chez-mathieu-je-ne-reviendrai-pas-en-arriere\/"},"modified":"2026-04-26T14:02:34","modified_gmt":"2026-04-26T12:02:34","slug":"temoignage-une-mg-zs-ev-comme-premiere-voiture-electrique-chez-mathieu-je-ne-reviendrai-pas-en-arriere","status":"publish","type":"post","link":"https:\/\/www.evearly.news\/fr\/temoignage-une-mg-zs-ev-comme-premiere-voiture-electrique-chez-mathieu-je-ne-reviendrai-pas-en-arriere\/","title":{"rendered":"T\u00e9moignage \u2013 Une MG ZS EV comme premi\u00e8re voiture \u00e9lectrique chez Mathieu : \u00ab\u00a0Je ne reviendrai pas en arri\u00e8re\u00a0\u00bb"},"content":{"rendered":"<p><img decoding=\"async\" width=\"500\" height=\"333\" src=\"https:\/\/www.evearly.news\/fr\/wp-content\/uploads\/sites\/6\/2026\/04\/temoignage-une-mg-zs-ev-comme-premiere-voiture-electrique-chez-mathieu-je-ne-reviendrai-pas-en-arriere.jpg\" class=\"attachment-1200x800 size-1200x800 wp-post-image\" alt=\"Mathieu et sa MG ZS EV\" loading=\"lazy\" srcset=\"https:\/\/www.evearly.news\/fr\/wp-content\/uploads\/sites\/6\/2026\/04\/temoignage-une-mg-zs-ev-comme-premiere-voiture-electrique-chez-mathieu-je-ne-reviendrai-pas-en-arriere.jpg 1200w, https:\/\/www.evearly.news\/fr\/wp-content\/uploads\/sites\/6\/2026\/04\/temoignage-une-mg-zs-ev-comme-premiere-voiture-electrique-chez-mathieu-je-ne-reviendrai-pas-en-arriere-1.jpg 1024w, https:\/\/www.evearly.news\/fr\/wp-content\/uploads\/sites\/6\/2026\/04\/temoignage-une-mg-zs-ev-comme-premiere-voiture-electrique-chez-mathieu-je-ne-reviendrai-pas-en-arriere-2.jpg 140w, https:\/\/www.evearly.news\/fr\/wp-content\/uploads\/sites\/6\/2026\/04\/temoignage-une-mg-zs-ev-comme-premiere-voiture-electrique-chez-mathieu-je-ne-reviendrai-pas-en-arriere-3.jpg 768w, https:\/\/www.evearly.news\/fr\/wp-content\/uploads\/sites\/6\/2026\/04\/temoignage-une-mg-zs-ev-comme-premiere-voiture-electrique-chez-mathieu-je-ne-reviendrai-pas-en-arriere-4.jpg 700w, https:\/\/www.evearly.news\/fr\/wp-content\/uploads\/sites\/6\/2026\/04\/temoignage-une-mg-zs-ev-comme-premiere-voiture-electrique-chez-mathieu-je-ne-reviendrai-pas-en-arriere-5.jpg 960w, https:\/\/cdn.automobile-propre.com\/uploads\/2026\/04\/APG0424_WMGZS-100x66.jpg 100w\" sizes=\"auto, (max-width: 1200px) 100vw, 1200px\" \/><br \/>\nL\u2019int\u00e9r\u00eat pour la voiture \u00e9lectrique s\u2019est accompagn\u00e9 chez Mathieu Coueron d\u2019un changement de voie professionnelle. Il ne regrette aucun des\u2026\u00a0<a href=https:\/\/www.automobile-propre.com\/articles\/temoignage-une-mg-zs-ev-comme-premiere-voiture-electrique-chez-mathieu-je-ne-reviendrai-pas-en-arriere\/ target='bwindow'>Lire la suite&#8230;<\/a><\/p>\n","protected":false},"excerpt":{"rendered":"<p>&#8230; <a class=\"continue-reading-link\" href=\"https:\/\/www.evearly.news\/fr\/temoignage-une-mg-zs-ev-comme-premiere-voiture-electrique-chez-mathieu-je-ne-reviendrai-pas-en-arriere\/\"><\/a><\/p>\n","protected":false},"author":8,"featured_media":321469,"comment_status":"closed","ping_status":"open","sticky":false,"template":"Default","format":"standard","meta":{"footnotes":""},"categories":[8],"tags":[],"class_list":["post-321468","post","type-post","status-publish","format-standard","has-post-thumbnail","hentry","category-automobile-propre"],"_links":{"self":[{"href":"https:\/\/www.evearly.news\/fr\/wp-json\/wp\/v2\/posts\/321468","targetHints":{"allow":["GET"]}}],"collection":[{"href":"https:\/\/www.evearly.news\/fr\/wp-json\/wp\/v2\/posts"}],"about":[{"href":"https:\/\/www.evearly.news\/fr\/wp-json\/wp\/v2\/types\/post"}],"author":[{"embeddable":true,"href":"https:\/\/www.evearly.news\/fr\/wp-json\/wp\/v2\/users\/8"}],"replies":[{"embeddable":true,"href":"https:\/\/www.evearly.news\/fr\/wp-json\/wp\/v2\/comments?post=321468"}],"version-history":[{"count":0,"href":"https:\/\/www.evearly.news\/fr\/wp-json\/wp\/v2\/posts\/321468\/revisions"}],"wp:featuredmedia":[{"embeddable":true,"href":"https:\/\/www.evearly.news\/fr\/wp-json\/wp\/v2\/media\/321469"}],"wp:attachment":[{"href":"https:\/\/www.evearly.news\/fr\/wp-json\/wp\/v2\/media?parent=321468"}],"wp:term":[{"taxonomy":"category","embeddable":true,"href":"https:\/\/www.evearly.news\/fr\/wp-json\/wp\/v2\/categories?post=321468"},{"taxonomy":"post_tag","embeddable":true,"href":"https:\/\/www.evearly.news\/fr\/wp-json\/wp\/v2\/tags?post=321468"}],"curies":[{"name":"wp","href":"https:\/\/api.w.org\/{rel}","templated":true}]}}