{"id":321480,"date":"2026-04-27T08:00:04","date_gmt":"2026-04-27T06:00:04","guid":{"rendered":"https:\/\/www.evearly.news\/fr\/peugeot-devoile-les-evolutions-futures-de-son-design-en-devoilant-deux-concept-cars\/"},"modified":"2026-04-27T08:00:04","modified_gmt":"2026-04-27T06:00:04","slug":"peugeot-devoile-les-evolutions-futures-de-son-design-en-devoilant-deux-concept-cars","status":"publish","type":"post","link":"https:\/\/www.evearly.news\/fr\/peugeot-devoile-les-evolutions-futures-de-son-design-en-devoilant-deux-concept-cars\/","title":{"rendered":"Peugeot d\u00e9voile les \u00e9volutions futures de son design en d\u00e9voilant deux concept-cars"},"content":{"rendered":"<p><img width=\"1000\" height=\"563\" src=\"https:\/\/www.evearly.news\/fr\/wp-content\/uploads\/sites\/6\/2026\/04\/peugeot-devoile-les-evolutions-futures-de-son-design-en-devoilant-deux-concept-cars.jpg\" class=\"attachment-post-thumbnail size-post-thumbnail wp-post-image\" alt=\"Peugeot Concept-cars Evolution design\" decoding=\"async\" fetchpriority=\"high\" srcset=\"https:\/\/www.evearly.news\/fr\/wp-content\/uploads\/sites\/6\/2026\/04\/peugeot-devoile-les-evolutions-futures-de-son-design-en-devoilant-deux-concept-cars.jpg 1000w, https:\/\/www.evearly.news\/fr\/wp-content\/uploads\/sites\/6\/2026\/04\/peugeot-devoile-les-evolutions-futures-de-son-design-en-devoilant-deux-concept-cars-1.jpg 300w, https:\/\/www.evearly.news\/fr\/wp-content\/uploads\/sites\/6\/2026\/04\/peugeot-devoile-les-evolutions-futures-de-son-design-en-devoilant-deux-concept-cars-2.jpg 998w, https:\/\/www.avem.fr\/wp-content\/uploads\/2026\/04\/Peugeot-Salon-de-Pekin-2026-Une-768x432.jpg 768w\" sizes=\"(max-width: 1000px) 100vw, 1000px\" \/>C\u2019est au Salon de l\u2019Automobile de P\u00e9kin que Peugeot a choisi de d\u00e9voiler les futures \u00e9volutions stylistiques de ses mod\u00e8les. La marque au Lion l\u2019a fait en pr\u00e9sentant deux concept-cars \u00e9lectriques in\u00e9dits\u00a0: Concept 6 et Concept 8. Avec Concept 6, Peugeot livre sa vision des futures grandes berlines. Quant au [\u2026] <a href=https:\/\/www.avem.fr\/2026\/04\/27\/peugeot-devoile-les-evolutions-futures-de-son-design-en-devoilant-deux-concept-cars\/ target=blank>Lire la suite&#8230;<\/a><\/p>\n","protected":false},"excerpt":{"rendered":"<p><img loading=\"lazy\" decoding=\"async\" width=\"1000\" height=\"563\" src=\"https:\/\/www.evearly.news\/fr\/wp-content\/uploads\/sites\/6\/2026\/04\/peugeot-devoile-les-evolutions-futures-de-son-design-en-devoilant-deux-concept-cars.jpg\" class=\"attachment-post-thumbnail size-post-thumbnail wp-post-image\" alt=\"Peugeot Concept-cars Evolution design\" \/>C\u2019est au Salon de l\u2019Automobile de P\u00e9kin que Peugeot a choisi de d\u00e9voiler les futures \u00e9volutions stylistiques de ses mod\u00e8les. La marque au Lion l\u2019a fait en pr\u00e9sentant deux concept-cars \u00e9lectriques in\u00e9dits\u00a0: Concept 6 et Concept 8. Avec Concept 6, Peugeot livre sa vision des futures grandes berlines. Quant au [\u2026] <a class=\"continue-reading-link\" href=\"https:\/\/www.evearly.news\/fr\/peugeot-devoile-les-evolutions-futures-de-son-design-en-devoilant-deux-concept-cars\/\"><\/a><\/p>\n","protected":false},"author":3,"featured_media":321481,"comment_status":"closed","ping_status":"open","sticky":false,"template":"Default","format":"standard","meta":{"footnotes":""},"categories":[3],"tags":[],"class_list":["post-321480","post","type-post","status-publish","format-standard","has-post-thumbnail","hentry","category-avem"],"_links":{"self":[{"href":"https:\/\/www.evearly.news\/fr\/wp-json\/wp\/v2\/posts\/321480","targetHints":{"allow":["GET"]}}],"collection":[{"href":"https:\/\/www.evearly.news\/fr\/wp-json\/wp\/v2\/posts"}],"about":[{"href":"https:\/\/www.evearly.news\/fr\/wp-json\/wp\/v2\/types\/post"}],"author":[{"embeddable":true,"href":"https:\/\/www.evearly.news\/fr\/wp-json\/wp\/v2\/users\/3"}],"replies":[{"embeddable":true,"href":"https:\/\/www.evearly.news\/fr\/wp-json\/wp\/v2\/comments?post=321480"}],"version-history":[{"count":0,"href":"https:\/\/www.evearly.news\/fr\/wp-json\/wp\/v2\/posts\/321480\/revisions"}],"wp:featuredmedia":[{"embeddable":true,"href":"https:\/\/www.evearly.news\/fr\/wp-json\/wp\/v2\/media\/321481"}],"wp:attachment":[{"href":"https:\/\/www.evearly.news\/fr\/wp-json\/wp\/v2\/media?parent=321480"}],"wp:term":[{"taxonomy":"category","embeddable":true,"href":"https:\/\/www.evearly.news\/fr\/wp-json\/wp\/v2\/categories?post=321480"},{"taxonomy":"post_tag","embeddable":true,"href":"https:\/\/www.evearly.news\/fr\/wp-json\/wp\/v2\/tags?post=321480"}],"curies":[{"name":"wp","href":"https:\/\/api.w.org\/{rel}","templated":true}]}}