{"id":321484,"date":"2026-04-27T10:05:43","date_gmt":"2026-04-27T08:05:43","guid":{"rendered":"https:\/\/www.evearly.news\/fr\/mg-pourrait-choisir-lespagne-pour-fabriquer-ses-voitures-electriques-destinees-a-leurope\/"},"modified":"2026-04-27T10:05:43","modified_gmt":"2026-04-27T08:05:43","slug":"mg-pourrait-choisir-lespagne-pour-fabriquer-ses-voitures-electriques-destinees-a-leurope","status":"publish","type":"post","link":"https:\/\/www.evearly.news\/fr\/mg-pourrait-choisir-lespagne-pour-fabriquer-ses-voitures-electriques-destinees-a-leurope\/","title":{"rendered":"MG pourrait choisir l\u2019Espagne pour fabriquer ses voitures \u00e9lectriques destin\u00e9es \u00e0 l\u2019Europe"},"content":{"rendered":"<p><img loading=\"lazy\" decoding=\"async\" width=\"500\" height=\"333\" src=\"https:\/\/www.evearly.news\/fr\/wp-content\/uploads\/sites\/6\/2026\/04\/mg-pourrait-choisir-lespagne-pour-fabriquer-ses-voitures-electriques-destinees-a-leurope.jpg\" class=\"attachment-1200x800 size-1200x800 wp-post-image\" alt=\"\" srcset=\"https:\/\/www.evearly.news\/fr\/wp-content\/uploads\/sites\/6\/2026\/04\/mg-pourrait-choisir-lespagne-pour-fabriquer-ses-voitures-electriques-destinees-a-leurope.jpg 1200w, https:\/\/www.evearly.news\/fr\/wp-content\/uploads\/sites\/6\/2026\/04\/mg-pourrait-choisir-lespagne-pour-fabriquer-ses-voitures-electriques-destinees-a-leurope-1.jpg 1024w, https:\/\/www.evearly.news\/fr\/wp-content\/uploads\/sites\/6\/2026\/04\/mg-pourrait-choisir-lespagne-pour-fabriquer-ses-voitures-electriques-destinees-a-leurope-2.jpg 140w, https:\/\/www.evearly.news\/fr\/wp-content\/uploads\/sites\/6\/2026\/04\/mg-pourrait-choisir-lespagne-pour-fabriquer-ses-voitures-electriques-destinees-a-leurope-3.jpg 768w, https:\/\/www.evearly.news\/fr\/wp-content\/uploads\/sites\/6\/2026\/04\/mg-pourrait-choisir-lespagne-pour-fabriquer-ses-voitures-electriques-destinees-a-leurope-4.jpg 700w, https:\/\/www.evearly.news\/fr\/wp-content\/uploads\/sites\/6\/2026\/04\/mg-pourrait-choisir-lespagne-pour-fabriquer-ses-voitures-electriques-destinees-a-leurope-5.jpg 960w, https:\/\/cdn.automobile-propre.com\/uploads\/2026\/03\/MG-4-Urban-Statique-42-100x66.jpg 100w\" sizes=\"auto, (max-width: 1200px) 100vw, 1200px\" \/><br \/>\nLe g\u00e9ant chinois SAIC semble avoir retenu l&rsquo;Espagne pour installer la production des futures MG \u00ab made in Europe \u00bb. D\u00e9cid\u00e9ment, ce pays de la p\u00e9ninsule Ib\u00e9rique s\u00e9duit de plus en plus de constructeurs en provenance d&rsquo;Asie&#8230;\u00a0<a href=https:\/\/www.automobile-propre.com\/breves\/apres-chery-et-leapmotor-mg-pourrait-aussi-choisir-lespagne-pour-fabriquer-ses-voitures-electriques\/ target='bwindow'>Lire la suite&#8230;<\/a><\/p>\n","protected":false},"excerpt":{"rendered":"<p>&#8230; <a class=\"continue-reading-link\" href=\"https:\/\/www.evearly.news\/fr\/mg-pourrait-choisir-lespagne-pour-fabriquer-ses-voitures-electriques-destinees-a-leurope\/\"><\/a><\/p>\n","protected":false},"author":8,"featured_media":321485,"comment_status":"closed","ping_status":"open","sticky":false,"template":"Default","format":"standard","meta":{"footnotes":""},"categories":[8],"tags":[],"class_list":["post-321484","post","type-post","status-publish","format-standard","has-post-thumbnail","hentry","category-automobile-propre"],"_links":{"self":[{"href":"https:\/\/www.evearly.news\/fr\/wp-json\/wp\/v2\/posts\/321484","targetHints":{"allow":["GET"]}}],"collection":[{"href":"https:\/\/www.evearly.news\/fr\/wp-json\/wp\/v2\/posts"}],"about":[{"href":"https:\/\/www.evearly.news\/fr\/wp-json\/wp\/v2\/types\/post"}],"author":[{"embeddable":true,"href":"https:\/\/www.evearly.news\/fr\/wp-json\/wp\/v2\/users\/8"}],"replies":[{"embeddable":true,"href":"https:\/\/www.evearly.news\/fr\/wp-json\/wp\/v2\/comments?post=321484"}],"version-history":[{"count":0,"href":"https:\/\/www.evearly.news\/fr\/wp-json\/wp\/v2\/posts\/321484\/revisions"}],"wp:featuredmedia":[{"embeddable":true,"href":"https:\/\/www.evearly.news\/fr\/wp-json\/wp\/v2\/media\/321485"}],"wp:attachment":[{"href":"https:\/\/www.evearly.news\/fr\/wp-json\/wp\/v2\/media?parent=321484"}],"wp:term":[{"taxonomy":"category","embeddable":true,"href":"https:\/\/www.evearly.news\/fr\/wp-json\/wp\/v2\/categories?post=321484"},{"taxonomy":"post_tag","embeddable":true,"href":"https:\/\/www.evearly.news\/fr\/wp-json\/wp\/v2\/tags?post=321484"}],"curies":[{"name":"wp","href":"https:\/\/api.w.org\/{rel}","templated":true}]}}