{"id":321498,"date":"2026-04-27T12:11:48","date_gmt":"2026-04-27T10:11:48","guid":{"rendered":"https:\/\/www.evearly.news\/fr\/audi-q4-e-tron-et-q4-e-tron-sportback-restyles-premieres-impressions-a-bord-des-suv-electriques\/"},"modified":"2026-04-27T12:11:48","modified_gmt":"2026-04-27T10:11:48","slug":"audi-q4-e-tron-et-q4-e-tron-sportback-restyles-premieres-impressions-a-bord-des-suv-electriques","status":"publish","type":"post","link":"https:\/\/www.evearly.news\/fr\/audi-q4-e-tron-et-q4-e-tron-sportback-restyles-premieres-impressions-a-bord-des-suv-electriques\/","title":{"rendered":"Audi Q4 e-tron et Q4 e-tron Sportback restyl\u00e9s : premi\u00e8res impressions \u00e0 bord des SUV \u00e9lectriques"},"content":{"rendered":"<div class=\"media_block\"><img decoding=\"async\" src=\"https:\/\/www.evearly.news\/fr\/wp-content\/uploads\/sites\/6\/2026\/04\/audi-q4-e-tron-et-q4-e-tron-sportback-restyles-premieres-impressions-a-bord-des-suv-electriques.jpg\"><\/div>\n<p>Arriv\u00e9s \u00e0 mi-parcours, les SUV Audi Q4 e-tron et Audi Q4 Sportback e-tron passent par la case restylage. L\u2019op\u00e9ration cosm\u00e9tique est nettement plus visible \u00e0 l\u2019int\u00e9rieur qu\u2019\u00e0 l\u2019ext\u00e9rieur. L\u2019autonomie progresse, la qualit\u00e9 per\u00e7ue et le niveau de finition aussi car avec l\u2019arriv\u00e9e prochaine d\u2019une entr\u00e9e de gamme \u00e9lectrique in\u00e9dite, l\u2019A2 e-tron, le Q4 e-tron a un nouveau r\u00f4le \u00e0 jouer. Sans oublier que le BMW iX1 qui sera prochainement restyl\u00e9 de mani\u00e8re bien visible et mieux encore, le Mercedes GLA EQ Technology tout nouveau et mieux arm\u00e9 ne lui feront pas de cadeaux. <a href=https:\/\/www.automobile-magazine.fr\/voitures-electriques\/article\/51746-audi-q4-e-tron-et-q4-e-tron-sportback-restyles-premieres-impressions-a-bord-des-suv-electriques alt='automobile magazine' target='blank'>Lire la suite&#8230;<\/a><\/p>\n","protected":false},"excerpt":{"rendered":"<div class=\"media_block\"><img decoding=\"async\" src=\"https:\/\/www.evearly.news\/fr\/wp-content\/uploads\/sites\/6\/2026\/04\/audi-q4-e-tron-et-q4-e-tron-sportback-restyles-premieres-impressions-a-bord-des-suv-electriques.jpg\"><\/div>\n<p> <a class=\"continue-reading-link\" href=\"https:\/\/www.evearly.news\/fr\/audi-q4-e-tron-et-q4-e-tron-sportback-restyles-premieres-impressions-a-bord-des-suv-electriques\/\"><\/a><\/p>\n","protected":false},"author":7,"featured_media":321499,"comment_status":"closed","ping_status":"open","sticky":false,"template":"Default","format":"standard","meta":{"footnotes":""},"categories":[7],"tags":[],"class_list":["post-321498","post","type-post","status-publish","format-standard","has-post-thumbnail","hentry","category-automobile-magazine"],"_links":{"self":[{"href":"https:\/\/www.evearly.news\/fr\/wp-json\/wp\/v2\/posts\/321498","targetHints":{"allow":["GET"]}}],"collection":[{"href":"https:\/\/www.evearly.news\/fr\/wp-json\/wp\/v2\/posts"}],"about":[{"href":"https:\/\/www.evearly.news\/fr\/wp-json\/wp\/v2\/types\/post"}],"author":[{"embeddable":true,"href":"https:\/\/www.evearly.news\/fr\/wp-json\/wp\/v2\/users\/7"}],"replies":[{"embeddable":true,"href":"https:\/\/www.evearly.news\/fr\/wp-json\/wp\/v2\/comments?post=321498"}],"version-history":[{"count":0,"href":"https:\/\/www.evearly.news\/fr\/wp-json\/wp\/v2\/posts\/321498\/revisions"}],"wp:featuredmedia":[{"embeddable":true,"href":"https:\/\/www.evearly.news\/fr\/wp-json\/wp\/v2\/media\/321499"}],"wp:attachment":[{"href":"https:\/\/www.evearly.news\/fr\/wp-json\/wp\/v2\/media?parent=321498"}],"wp:term":[{"taxonomy":"category","embeddable":true,"href":"https:\/\/www.evearly.news\/fr\/wp-json\/wp\/v2\/categories?post=321498"},{"taxonomy":"post_tag","embeddable":true,"href":"https:\/\/www.evearly.news\/fr\/wp-json\/wp\/v2\/tags?post=321498"}],"curies":[{"name":"wp","href":"https:\/\/api.w.org\/{rel}","templated":true}]}}