{"id":321504,"date":"2026-04-27T12:00:00","date_gmt":"2026-04-27T10:00:00","guid":{"rendered":"https:\/\/www.evearly.news\/fr\/laudi-q4-e-tron-restyle-peut-il-enfin-inquieter-le-tesla-model-y\/"},"modified":"2026-04-27T12:00:00","modified_gmt":"2026-04-27T10:00:00","slug":"laudi-q4-e-tron-restyle-peut-il-enfin-inquieter-le-tesla-model-y","status":"publish","type":"post","link":"https:\/\/www.evearly.news\/fr\/laudi-q4-e-tron-restyle-peut-il-enfin-inquieter-le-tesla-model-y\/","title":{"rendered":"L&rsquo;Audi Q4 e-tron restyl\u00e9 peut-il (enfin) inqui\u00e9ter le Tesla Model Y?"},"content":{"rendered":"<p><img decoding=\"async\" src=\"https:\/\/www.evearly.news\/fr\/wp-content\/uploads\/sites\/6\/2026\/04\/laudi-q4-e-tron-restyle-peut-il-enfin-inquieter-le-tesla-model-y.jpg\" alt=\"caradisiac\" \n><br \/>L\u2019Audi Q4 e-tron est l\u2019une des valeurs s\u00fbres du march\u00e9 europ\u00e9en des SUV compacts \u00e9lectriques, et ce v\u00e9hicule lanc\u00e9 en 2021 conna\u00eet cette ann\u00e9e une \u00e9volution notable, tant esth\u00e9tique que technologique. Nous allons le d\u00e9tailler ensemble avec cette question en t\u00eate : ce mod\u00e8le peut-il inqui\u00e9ter les r\u00e9f\u00e9rences de la cat\u00e9gorie? <a href=https:\/\/www.caradisiac.com\/l-audi-q4-e-tron-restyle-peut-il-enfin-inquieter-le-tesla-model-y-221695.htm#xtor=RSS-40 target=blank>Lire la suite&#8230;<\/a><\/p>\n","protected":false},"excerpt":{"rendered":"<p><img decoding=\"async\" src=\"https:\/\/www.evearly.news\/fr\/wp-content\/uploads\/sites\/6\/2026\/04\/laudi-q4-e-tron-restyle-peut-il-enfin-inquieter-le-tesla-model-y.jpg\" alt=\"caradisiac\"><br \/>L\u2019Audi Q4 e-tron est l\u2019une des valeurs s\u00fbres du march\u00e9 europ\u00e9en des SUV compacts \u00e9lectriques, et ce v\u00e9hicule lanc\u00e9 en 2021 conna\u00eet cette ann\u00e9e une \u00e9volution notable, tant esth\u00e9tique que technologique. Nous allons le d\u00e9tailler ensemble avec cette question en t\u00eate : ce mod\u00e8le peut-il inqui\u00e9ter les r\u00e9f\u00e9rences de la cat\u00e9gorie?<\/p>\n<p> <a class=\"continue-reading-link\" href=\"https:\/\/www.evearly.news\/fr\/laudi-q4-e-tron-restyle-peut-il-enfin-inquieter-le-tesla-model-y\/\"><\/a><\/p>\n","protected":false},"author":11,"featured_media":321505,"comment_status":"closed","ping_status":"open","sticky":false,"template":"Default","format":"standard","meta":{"footnotes":""},"categories":[11],"tags":[],"class_list":["post-321504","post","type-post","status-publish","format-standard","has-post-thumbnail","hentry","category-caradisiac"],"_links":{"self":[{"href":"https:\/\/www.evearly.news\/fr\/wp-json\/wp\/v2\/posts\/321504","targetHints":{"allow":["GET"]}}],"collection":[{"href":"https:\/\/www.evearly.news\/fr\/wp-json\/wp\/v2\/posts"}],"about":[{"href":"https:\/\/www.evearly.news\/fr\/wp-json\/wp\/v2\/types\/post"}],"author":[{"embeddable":true,"href":"https:\/\/www.evearly.news\/fr\/wp-json\/wp\/v2\/users\/11"}],"replies":[{"embeddable":true,"href":"https:\/\/www.evearly.news\/fr\/wp-json\/wp\/v2\/comments?post=321504"}],"version-history":[{"count":0,"href":"https:\/\/www.evearly.news\/fr\/wp-json\/wp\/v2\/posts\/321504\/revisions"}],"wp:featuredmedia":[{"embeddable":true,"href":"https:\/\/www.evearly.news\/fr\/wp-json\/wp\/v2\/media\/321505"}],"wp:attachment":[{"href":"https:\/\/www.evearly.news\/fr\/wp-json\/wp\/v2\/media?parent=321504"}],"wp:term":[{"taxonomy":"category","embeddable":true,"href":"https:\/\/www.evearly.news\/fr\/wp-json\/wp\/v2\/categories?post=321504"},{"taxonomy":"post_tag","embeddable":true,"href":"https:\/\/www.evearly.news\/fr\/wp-json\/wp\/v2\/tags?post=321504"}],"curies":[{"name":"wp","href":"https:\/\/api.w.org\/{rel}","templated":true}]}}