{"id":321512,"date":"2026-04-27T21:00:04","date_gmt":"2026-04-27T19:00:04","guid":{"rendered":"https:\/\/www.evearly.news\/fr\/audi-q4-e-tron-evolutions-de-mi-carriere-pour-le-suv-electrique\/"},"modified":"2026-04-27T21:00:04","modified_gmt":"2026-04-27T19:00:04","slug":"audi-q4-e-tron-evolutions-de-mi-carriere-pour-le-suv-electrique","status":"publish","type":"post","link":"https:\/\/www.evearly.news\/fr\/audi-q4-e-tron-evolutions-de-mi-carriere-pour-le-suv-electrique\/","title":{"rendered":"Audi Q4 e-tron : \u00e9volutions de mi-carri\u00e8re pour le SUV \u00e9lectrique"},"content":{"rendered":"<p><img decoding=\"async\" src=\"https:\/\/www.evearly.news\/fr\/wp-content\/uploads\/sites\/6\/2026\/04\/audi-q4-e-tron-evolutions-de-mi-carriere-pour-le-suv-electrique.webp\" alt=\"auto-moto\"><br \/>Mod\u00e8le d\u2019acc\u00e8s pour la gamme \u00e9lectrique d\u2019Audi en attendant la nouvelle A2 e-tron, le Q4 e-tron re\u00e7oit une mise \u00e0 jour pour sa mi-carri\u00e8re. Plut\u00f4t l\u00e9g\u00e8re \u00e0 l\u2019ext\u00e9rieur, la retouche est plus profonde \u00e0 bord et sous le capot. <a href=https:\/\/www.auto-moto.com\/electrique\/audi-q4-e-tron-restyle-73819 target=blank>Lire la suite&#8230;<\/a><\/p>\n","protected":false},"excerpt":{"rendered":"<p>Mod\u00e8le d\u2019acc\u00e8s pour la gamme \u00e9lectrique d\u2019Audi en attendant la nouvelle A2 e-tron, le Q4 e-tron re\u00e7oit une mise \u00e0 jour pour sa mi-carri\u00e8re. Plut\u00f4t l\u00e9g\u00e8re \u00e0 l\u2019ext\u00e9rieur, la retouche est plus profonde \u00e0 bord et sous le capot&#8230;. <a class=\"continue-reading-link\" href=\"https:\/\/www.evearly.news\/fr\/audi-q4-e-tron-evolutions-de-mi-carriere-pour-le-suv-electrique\/\"><\/a><\/p>\n","protected":false},"author":9,"featured_media":321513,"comment_status":"closed","ping_status":"open","sticky":false,"template":"Default","format":"standard","meta":{"footnotes":""},"categories":[10],"tags":[],"class_list":["post-321512","post","type-post","status-publish","format-standard","has-post-thumbnail","hentry","category-auto-moto-com"],"_links":{"self":[{"href":"https:\/\/www.evearly.news\/fr\/wp-json\/wp\/v2\/posts\/321512","targetHints":{"allow":["GET"]}}],"collection":[{"href":"https:\/\/www.evearly.news\/fr\/wp-json\/wp\/v2\/posts"}],"about":[{"href":"https:\/\/www.evearly.news\/fr\/wp-json\/wp\/v2\/types\/post"}],"author":[{"embeddable":true,"href":"https:\/\/www.evearly.news\/fr\/wp-json\/wp\/v2\/users\/9"}],"replies":[{"embeddable":true,"href":"https:\/\/www.evearly.news\/fr\/wp-json\/wp\/v2\/comments?post=321512"}],"version-history":[{"count":0,"href":"https:\/\/www.evearly.news\/fr\/wp-json\/wp\/v2\/posts\/321512\/revisions"}],"wp:featuredmedia":[{"embeddable":true,"href":"https:\/\/www.evearly.news\/fr\/wp-json\/wp\/v2\/media\/321513"}],"wp:attachment":[{"href":"https:\/\/www.evearly.news\/fr\/wp-json\/wp\/v2\/media?parent=321512"}],"wp:term":[{"taxonomy":"category","embeddable":true,"href":"https:\/\/www.evearly.news\/fr\/wp-json\/wp\/v2\/categories?post=321512"},{"taxonomy":"post_tag","embeddable":true,"href":"https:\/\/www.evearly.news\/fr\/wp-json\/wp\/v2\/tags?post=321512"}],"curies":[{"name":"wp","href":"https:\/\/api.w.org\/{rel}","templated":true}]}}