{"id":321515,"date":"2026-04-28T10:00:04","date_gmt":"2026-04-28T08:00:04","guid":{"rendered":"https:\/\/www.evearly.news\/fr\/les-voitures-electriques-ont-frise-les-20-au-premier-trimestre-2026\/"},"modified":"2026-04-28T10:00:04","modified_gmt":"2026-04-28T08:00:04","slug":"les-voitures-electriques-ont-frise-les-20-au-premier-trimestre-2026","status":"publish","type":"post","link":"https:\/\/www.evearly.news\/fr\/les-voitures-electriques-ont-frise-les-20-au-premier-trimestre-2026\/","title":{"rendered":"Les voitures \u00e9lectriques ont fris\u00e9 les 20 % au premier trimestre 2026"},"content":{"rendered":"<p><img width=\"1000\" height=\"563\" src=\"https:\/\/www.evearly.news\/fr\/wp-content\/uploads\/sites\/6\/2026\/04\/les-voitures-electriques-ont-frise-les-20-au-premier-trimestre-2026.jpg\" class=\"attachment-post-thumbnail size-post-thumbnail wp-post-image\" alt=\"Voitures \u00e9lectriques \u00e0 vendre\" decoding=\"async\" fetchpriority=\"high\" srcset=\"https:\/\/www.evearly.news\/fr\/wp-content\/uploads\/sites\/6\/2026\/04\/les-voitures-electriques-ont-frise-les-20-au-premier-trimestre-2026.jpg 1000w, https:\/\/www.evearly.news\/fr\/wp-content\/uploads\/sites\/6\/2026\/04\/les-voitures-electriques-ont-frise-les-20-au-premier-trimestre-2026-1.jpg 300w, https:\/\/www.evearly.news\/fr\/wp-content\/uploads\/sites\/6\/2026\/04\/les-voitures-electriques-ont-frise-les-20-au-premier-trimestre-2026-2.jpg 998w, https:\/\/www.avem.fr\/wp-content\/uploads\/2026\/04\/ACTG0428_UEVE-768x432.jpg 768w\" sizes=\"(max-width: 1000px) 100vw, 1000px\" \/>En 1T2026, la part des \u00e9lectriques \u00e0 batterie a atteint 19,4 % dans les nouvelles immatriculations de voitures neuves en Union europ\u00e9enne. \u00a0 Net repli des 100 % thermiques en Europe Depuis le d\u00e9but de la pr\u00e9sente ann\u00e9e 2026, et par rapport \u00e0 l\u2019exercice pr\u00e9c\u00e9dent, l\u2019\u00e9volution des immatriculations des voitures [\u2026] <a href=https:\/\/www.avem.fr\/2026\/04\/28\/les-voitures-electriques-ont-frise-les-20-au-premier-trimestre-2026\/ target=blank>Lire la suite&#8230;<\/a><\/p>\n","protected":false},"excerpt":{"rendered":"<p><img loading=\"lazy\" decoding=\"async\" width=\"1000\" height=\"563\" src=\"https:\/\/www.evearly.news\/fr\/wp-content\/uploads\/sites\/6\/2026\/04\/les-voitures-electriques-ont-frise-les-20-au-premier-trimestre-2026.jpg\" class=\"attachment-post-thumbnail size-post-thumbnail wp-post-image\" alt=\"Voitures \u00e9lectriques \u00e0 vendre\" \/>En 1T2026, la part des \u00e9lectriques \u00e0 batterie a atteint 19,4 % dans les nouvelles immatriculations de voitures neuves en Union europ\u00e9enne. \u00a0 Net repli des 100 % thermiques en Europe Depuis le d\u00e9but de la pr\u00e9sente ann\u00e9e 2026, et par rapport \u00e0 l\u2019exercice pr\u00e9c\u00e9dent, l\u2019\u00e9volution des immatriculations des voitures [\u2026] <a class=\"continue-reading-link\" href=\"https:\/\/www.evearly.news\/fr\/les-voitures-electriques-ont-frise-les-20-au-premier-trimestre-2026\/\"><\/a><\/p>\n","protected":false},"author":3,"featured_media":321516,"comment_status":"closed","ping_status":"open","sticky":false,"template":"Default","format":"standard","meta":{"footnotes":""},"categories":[3],"tags":[],"class_list":["post-321515","post","type-post","status-publish","format-standard","has-post-thumbnail","hentry","category-avem"],"_links":{"self":[{"href":"https:\/\/www.evearly.news\/fr\/wp-json\/wp\/v2\/posts\/321515","targetHints":{"allow":["GET"]}}],"collection":[{"href":"https:\/\/www.evearly.news\/fr\/wp-json\/wp\/v2\/posts"}],"about":[{"href":"https:\/\/www.evearly.news\/fr\/wp-json\/wp\/v2\/types\/post"}],"author":[{"embeddable":true,"href":"https:\/\/www.evearly.news\/fr\/wp-json\/wp\/v2\/users\/3"}],"replies":[{"embeddable":true,"href":"https:\/\/www.evearly.news\/fr\/wp-json\/wp\/v2\/comments?post=321515"}],"version-history":[{"count":0,"href":"https:\/\/www.evearly.news\/fr\/wp-json\/wp\/v2\/posts\/321515\/revisions"}],"wp:featuredmedia":[{"embeddable":true,"href":"https:\/\/www.evearly.news\/fr\/wp-json\/wp\/v2\/media\/321516"}],"wp:attachment":[{"href":"https:\/\/www.evearly.news\/fr\/wp-json\/wp\/v2\/media?parent=321515"}],"wp:term":[{"taxonomy":"category","embeddable":true,"href":"https:\/\/www.evearly.news\/fr\/wp-json\/wp\/v2\/categories?post=321515"},{"taxonomy":"post_tag","embeddable":true,"href":"https:\/\/www.evearly.news\/fr\/wp-json\/wp\/v2\/tags?post=321515"}],"curies":[{"name":"wp","href":"https:\/\/api.w.org\/{rel}","templated":true}]}}