{"id":321517,"date":"2026-04-28T10:02:58","date_gmt":"2026-04-28T08:02:58","guid":{"rendered":"https:\/\/www.evearly.news\/fr\/leapmotor-veut-sattaquer-au-haut-de-gamme-electrique-une-menace-pour-ds\/"},"modified":"2026-04-28T10:02:58","modified_gmt":"2026-04-28T08:02:58","slug":"leapmotor-veut-sattaquer-au-haut-de-gamme-electrique-une-menace-pour-ds","status":"publish","type":"post","link":"https:\/\/www.evearly.news\/fr\/leapmotor-veut-sattaquer-au-haut-de-gamme-electrique-une-menace-pour-ds\/","title":{"rendered":"Leapmotor veut s\u2019attaquer au haut de gamme \u00e9lectrique, une menace pour DS ?"},"content":{"rendered":"<p><img loading=\"lazy\" decoding=\"async\" width=\"500\" height=\"333\" src=\"https:\/\/www.evearly.news\/fr\/wp-content\/uploads\/sites\/6\/2026\/04\/leapmotor-veut-sattaquer-au-haut-de-gamme-electrique-une-menace-pour-ds.jpg\" class=\"attachment-1200x800 size-1200x800 wp-post-image\" alt=\"\" srcset=\"https:\/\/www.evearly.news\/fr\/wp-content\/uploads\/sites\/6\/2026\/04\/leapmotor-veut-sattaquer-au-haut-de-gamme-electrique-une-menace-pour-ds.jpg 1920w, https:\/\/www.evearly.news\/fr\/wp-content\/uploads\/sites\/6\/2026\/04\/leapmotor-veut-sattaquer-au-haut-de-gamme-electrique-une-menace-pour-ds-1.jpg 1640w, https:\/\/www.evearly.news\/fr\/wp-content\/uploads\/sites\/6\/2026\/04\/leapmotor-veut-sattaquer-au-haut-de-gamme-electrique-une-menace-pour-ds-2.jpg 1024w, https:\/\/www.evearly.news\/fr\/wp-content\/uploads\/sites\/6\/2026\/04\/leapmotor-veut-sattaquer-au-haut-de-gamme-electrique-une-menace-pour-ds-3.jpg 768w, https:\/\/www.evearly.news\/fr\/wp-content\/uploads\/sites\/6\/2026\/04\/leapmotor-veut-sattaquer-au-haut-de-gamme-electrique-une-menace-pour-ds-4.jpg 1536w, https:\/\/www.evearly.news\/fr\/wp-content\/uploads\/sites\/6\/2026\/04\/leapmotor-veut-sattaquer-au-haut-de-gamme-electrique-une-menace-pour-ds-5.jpg 700w, https:\/\/cdn.automobile-propre.com\/uploads\/2026\/04\/Leapmotor-C10-5-960x540.jpg 960w\" sizes=\"auto, (max-width: 1200px) 100vw, 1200px\" \/><br \/>\nFort de son succ\u00e8s, Leapmotor envisage de lancer une nouvelle marque de voitures \u00e9lectriques pour se positionner sur le segment du haut de gamme. Stellantis, son partenaire europ\u00e9en, pourrait jouer un r\u00f4le important dans cette strat\u00e9gie.\u00a0<a href=https:\/\/www.automobile-propre.com\/breves\/leapmotor-veut-sattaquer-au-haut-de-gamme-electrique-avec-une-nouvelle-marque-des-2027\/ target='bwindow'>Lire la suite&#8230;<\/a><\/p>\n","protected":false},"excerpt":{"rendered":"<p>&#8230; <a class=\"continue-reading-link\" href=\"https:\/\/www.evearly.news\/fr\/leapmotor-veut-sattaquer-au-haut-de-gamme-electrique-une-menace-pour-ds\/\"><\/a><\/p>\n","protected":false},"author":8,"featured_media":321518,"comment_status":"closed","ping_status":"open","sticky":false,"template":"Default","format":"standard","meta":{"footnotes":""},"categories":[8],"tags":[],"class_list":["post-321517","post","type-post","status-publish","format-standard","has-post-thumbnail","hentry","category-automobile-propre"],"_links":{"self":[{"href":"https:\/\/www.evearly.news\/fr\/wp-json\/wp\/v2\/posts\/321517","targetHints":{"allow":["GET"]}}],"collection":[{"href":"https:\/\/www.evearly.news\/fr\/wp-json\/wp\/v2\/posts"}],"about":[{"href":"https:\/\/www.evearly.news\/fr\/wp-json\/wp\/v2\/types\/post"}],"author":[{"embeddable":true,"href":"https:\/\/www.evearly.news\/fr\/wp-json\/wp\/v2\/users\/8"}],"replies":[{"embeddable":true,"href":"https:\/\/www.evearly.news\/fr\/wp-json\/wp\/v2\/comments?post=321517"}],"version-history":[{"count":0,"href":"https:\/\/www.evearly.news\/fr\/wp-json\/wp\/v2\/posts\/321517\/revisions"}],"wp:featuredmedia":[{"embeddable":true,"href":"https:\/\/www.evearly.news\/fr\/wp-json\/wp\/v2\/media\/321518"}],"wp:attachment":[{"href":"https:\/\/www.evearly.news\/fr\/wp-json\/wp\/v2\/media?parent=321517"}],"wp:term":[{"taxonomy":"category","embeddable":true,"href":"https:\/\/www.evearly.news\/fr\/wp-json\/wp\/v2\/categories?post=321517"},{"taxonomy":"post_tag","embeddable":true,"href":"https:\/\/www.evearly.news\/fr\/wp-json\/wp\/v2\/tags?post=321517"}],"curies":[{"name":"wp","href":"https:\/\/api.w.org\/{rel}","templated":true}]}}