{"id":321522,"date":"2026-04-28T11:04:14","date_gmt":"2026-04-28T09:04:14","guid":{"rendered":"https:\/\/www.evearly.news\/fr\/en-france-il-nest-plus-possible-dacheter-une-voiture-electrique-sans-payer-la-carte-grise\/"},"modified":"2026-04-28T11:04:14","modified_gmt":"2026-04-28T09:04:14","slug":"en-france-il-nest-plus-possible-dacheter-une-voiture-electrique-sans-payer-la-carte-grise","status":"publish","type":"post","link":"https:\/\/www.evearly.news\/fr\/en-france-il-nest-plus-possible-dacheter-une-voiture-electrique-sans-payer-la-carte-grise\/","title":{"rendered":"En France, il n&rsquo;est plus possible d&rsquo;acheter une voiture \u00e9lectrique sans payer la carte grise"},"content":{"rendered":"<div class=\"media_block\"><img decoding=\"async\" src=\"https:\/\/www.evearly.news\/fr\/wp-content\/uploads\/sites\/6\/2026\/04\/en-france-il-nest-plus-possible-dacheter-une-voiture-electrique-sans-payer-la-carte-grise.jpg\"><\/div>\n<p>Depuis le 1er mai 2025, les voitures \u00e9lectriques ne sont plus exon\u00e9r\u00e9es de taxe r\u00e9gionale sur la carte grise. Seule la r\u00e9gion des Hauts-de-France faisait exception\u2026 jusqu&rsquo;au 1er avril 2026. D\u00e9sormais, elle rentre un peu dans le rang, en durcissant la fiscalit\u00e9 pour les mod\u00e8les \u00ab\u00a0z\u00e9ro \u00e9mission\u00a0\u00bb. Mais ces derniers ne paient pas le m\u00eame tarif que les v\u00e9hicules anim\u00e9s par un autre type de motorisation pour autant, tout en b\u00e9n\u00e9ficiant d&rsquo;un calcul de la puissance fiscale plus favorable et de divers autres avantages. <a href=https:\/\/www.automobile-magazine.fr\/voitures-electriques\/article\/51756-en-france-il-nest-plus-possible-dacheter-une-voiture-electrique-sans-payer-la-carte-grise alt='automobile magazine' target='blank'>Lire la suite&#8230;<\/a><\/p>\n","protected":false},"excerpt":{"rendered":"<div class=\"media_block\"><img decoding=\"async\" src=\"https:\/\/www.evearly.news\/fr\/wp-content\/uploads\/sites\/6\/2026\/04\/en-france-il-nest-plus-possible-dacheter-une-voiture-electrique-sans-payer-la-carte-grise.jpg\"><\/div>\n<p> <a class=\"continue-reading-link\" href=\"https:\/\/www.evearly.news\/fr\/en-france-il-nest-plus-possible-dacheter-une-voiture-electrique-sans-payer-la-carte-grise\/\"><\/a><\/p>\n","protected":false},"author":7,"featured_media":321523,"comment_status":"closed","ping_status":"open","sticky":false,"template":"Default","format":"standard","meta":{"footnotes":""},"categories":[7],"tags":[],"class_list":["post-321522","post","type-post","status-publish","format-standard","has-post-thumbnail","hentry","category-automobile-magazine"],"_links":{"self":[{"href":"https:\/\/www.evearly.news\/fr\/wp-json\/wp\/v2\/posts\/321522","targetHints":{"allow":["GET"]}}],"collection":[{"href":"https:\/\/www.evearly.news\/fr\/wp-json\/wp\/v2\/posts"}],"about":[{"href":"https:\/\/www.evearly.news\/fr\/wp-json\/wp\/v2\/types\/post"}],"author":[{"embeddable":true,"href":"https:\/\/www.evearly.news\/fr\/wp-json\/wp\/v2\/users\/7"}],"replies":[{"embeddable":true,"href":"https:\/\/www.evearly.news\/fr\/wp-json\/wp\/v2\/comments?post=321522"}],"version-history":[{"count":0,"href":"https:\/\/www.evearly.news\/fr\/wp-json\/wp\/v2\/posts\/321522\/revisions"}],"wp:featuredmedia":[{"embeddable":true,"href":"https:\/\/www.evearly.news\/fr\/wp-json\/wp\/v2\/media\/321523"}],"wp:attachment":[{"href":"https:\/\/www.evearly.news\/fr\/wp-json\/wp\/v2\/media?parent=321522"}],"wp:term":[{"taxonomy":"category","embeddable":true,"href":"https:\/\/www.evearly.news\/fr\/wp-json\/wp\/v2\/categories?post=321522"},{"taxonomy":"post_tag","embeddable":true,"href":"https:\/\/www.evearly.news\/fr\/wp-json\/wp\/v2\/tags?post=321522"}],"curies":[{"name":"wp","href":"https:\/\/api.w.org\/{rel}","templated":true}]}}