{"id":321534,"date":"2026-04-28T17:00:05","date_gmt":"2026-04-28T15:00:05","guid":{"rendered":"https:\/\/www.evearly.news\/fr\/omoda-4-un-suv-compact-hybride-bientot-disponible-en-france\/"},"modified":"2026-04-28T17:00:05","modified_gmt":"2026-04-28T15:00:05","slug":"omoda-4-un-suv-compact-hybride-bientot-disponible-en-france","status":"publish","type":"post","link":"https:\/\/www.evearly.news\/fr\/omoda-4-un-suv-compact-hybride-bientot-disponible-en-france\/","title":{"rendered":"Omoda 4 : un SUV compact hybride bient\u00f4t disponible en France"},"content":{"rendered":"<p><img decoding=\"async\" src=\"https:\/\/www.evearly.news\/fr\/wp-content\/uploads\/sites\/6\/2026\/04\/omoda-4-un-suv-compact-hybride-bientot-disponible-en-france.webp\" alt=\"auto-moto\"><br \/>Le groupe Chery continue son d\u00e9veloppement en Europe avec sa marque Omoda &amp; Jaecoo, en d\u00e9voilant un nouveau produit : l\u2019Omoda 4, un SUV compact \u00e0 la motorisation hybride qui sera prochainement int\u00e9gr\u00e9 au catalogue fran\u00e7ais. <a href=https:\/\/www.auto-moto.com\/electrique\/omoda-4-73860 target=blank>Lire la suite&#8230;<\/a><\/p>\n","protected":false},"excerpt":{"rendered":"<p>Le groupe Chery continue son d\u00e9veloppement en Europe avec sa marque Omoda &amp; Jaecoo, en d\u00e9voilant un nouveau produit : l\u2019Omoda 4, un SUV compact \u00e0 la motorisation hybride qui sera prochainement int\u00e9gr\u00e9 au catalogue fran\u00e7ais&#8230;. <a class=\"continue-reading-link\" href=\"https:\/\/www.evearly.news\/fr\/omoda-4-un-suv-compact-hybride-bientot-disponible-en-france\/\"><\/a><\/p>\n","protected":false},"author":9,"featured_media":321535,"comment_status":"closed","ping_status":"open","sticky":false,"template":"Default","format":"standard","meta":{"footnotes":""},"categories":[10],"tags":[],"class_list":["post-321534","post","type-post","status-publish","format-standard","has-post-thumbnail","hentry","category-auto-moto-com"],"_links":{"self":[{"href":"https:\/\/www.evearly.news\/fr\/wp-json\/wp\/v2\/posts\/321534","targetHints":{"allow":["GET"]}}],"collection":[{"href":"https:\/\/www.evearly.news\/fr\/wp-json\/wp\/v2\/posts"}],"about":[{"href":"https:\/\/www.evearly.news\/fr\/wp-json\/wp\/v2\/types\/post"}],"author":[{"embeddable":true,"href":"https:\/\/www.evearly.news\/fr\/wp-json\/wp\/v2\/users\/9"}],"replies":[{"embeddable":true,"href":"https:\/\/www.evearly.news\/fr\/wp-json\/wp\/v2\/comments?post=321534"}],"version-history":[{"count":0,"href":"https:\/\/www.evearly.news\/fr\/wp-json\/wp\/v2\/posts\/321534\/revisions"}],"wp:featuredmedia":[{"embeddable":true,"href":"https:\/\/www.evearly.news\/fr\/wp-json\/wp\/v2\/media\/321535"}],"wp:attachment":[{"href":"https:\/\/www.evearly.news\/fr\/wp-json\/wp\/v2\/media?parent=321534"}],"wp:term":[{"taxonomy":"category","embeddable":true,"href":"https:\/\/www.evearly.news\/fr\/wp-json\/wp\/v2\/categories?post=321534"},{"taxonomy":"post_tag","embeddable":true,"href":"https:\/\/www.evearly.news\/fr\/wp-json\/wp\/v2\/tags?post=321534"}],"curies":[{"name":"wp","href":"https:\/\/api.w.org\/{rel}","templated":true}]}}