{"id":321544,"date":"2026-04-28T19:07:58","date_gmt":"2026-04-28T17:07:58","guid":{"rendered":"https:\/\/www.evearly.news\/fr\/geely-mise-aussi-sur-lespace-avec-sa-constellation-de-satellites-connectes\/"},"modified":"2026-04-28T19:07:58","modified_gmt":"2026-04-28T17:07:58","slug":"geely-mise-aussi-sur-lespace-avec-sa-constellation-de-satellites-connectes","status":"publish","type":"post","link":"https:\/\/www.evearly.news\/fr\/geely-mise-aussi-sur-lespace-avec-sa-constellation-de-satellites-connectes\/","title":{"rendered":"Geely mise aussi sur l\u2019espace avec sa constellation de satellites connect\u00e9s"},"content":{"rendered":"<p><img decoding=\"async\" src=\"https:\/\/www.evearly.news\/fr\/wp-content\/uploads\/sites\/6\/2026\/04\/geely-mise-aussi-sur-lespace-avec-sa-constellation-de-satellites-connectes.png\" alt=\"Geely mise aussi sur l\u2019espace avec sa constellation de satellites connect\u00e9s\"><br \/>Connu pour ses activit\u00e9s dans l\u2019automobile, le groupe Geely d\u00e9veloppe \u00e9galement sa pr\u00e9sence dans le spatial. Via sa filiale Geespace, le constructeur chinois annonce le d\u00e9ploiement de GEESATCOM, une constellation mondiale de satellites IoT en orbite basse destin\u00e9e \u00e0 connecter de nombreux secteurs industriels. Une couverture mondiale Entre 2022 et 2025, Geespace a r\u00e9alis\u00e9 six lancements successifs, permettant de finaliser\u2026 <a href=https:\/\/electriquemag.fr\/geely-satellites-connectes-geesatcom\/ target='bwindow'>Lire la suite&#8230;<\/a><\/p>\n","protected":false},"excerpt":{"rendered":"<p>&#8230; <a class=\"continue-reading-link\" href=\"https:\/\/www.evearly.news\/fr\/geely-mise-aussi-sur-lespace-avec-sa-constellation-de-satellites-connectes\/\"><\/a><\/p>\n","protected":false},"author":13,"featured_media":321545,"comment_status":"closed","ping_status":"open","sticky":false,"template":"Default","format":"standard","meta":{"footnotes":""},"categories":[13],"tags":[],"class_list":["post-321544","post","type-post","status-publish","format-standard","has-post-thumbnail","hentry","category-electriquemag"],"_links":{"self":[{"href":"https:\/\/www.evearly.news\/fr\/wp-json\/wp\/v2\/posts\/321544","targetHints":{"allow":["GET"]}}],"collection":[{"href":"https:\/\/www.evearly.news\/fr\/wp-json\/wp\/v2\/posts"}],"about":[{"href":"https:\/\/www.evearly.news\/fr\/wp-json\/wp\/v2\/types\/post"}],"author":[{"embeddable":true,"href":"https:\/\/www.evearly.news\/fr\/wp-json\/wp\/v2\/users\/13"}],"replies":[{"embeddable":true,"href":"https:\/\/www.evearly.news\/fr\/wp-json\/wp\/v2\/comments?post=321544"}],"version-history":[{"count":0,"href":"https:\/\/www.evearly.news\/fr\/wp-json\/wp\/v2\/posts\/321544\/revisions"}],"wp:featuredmedia":[{"embeddable":true,"href":"https:\/\/www.evearly.news\/fr\/wp-json\/wp\/v2\/media\/321545"}],"wp:attachment":[{"href":"https:\/\/www.evearly.news\/fr\/wp-json\/wp\/v2\/media?parent=321544"}],"wp:term":[{"taxonomy":"category","embeddable":true,"href":"https:\/\/www.evearly.news\/fr\/wp-json\/wp\/v2\/categories?post=321544"},{"taxonomy":"post_tag","embeddable":true,"href":"https:\/\/www.evearly.news\/fr\/wp-json\/wp\/v2\/tags?post=321544"}],"curies":[{"name":"wp","href":"https:\/\/api.w.org\/{rel}","templated":true}]}}