{"id":321562,"date":"2026-04-29T09:02:15","date_gmt":"2026-04-29T07:02:15","guid":{"rendered":"https:\/\/www.evearly.news\/fr\/voitures-electriques-doccasion-une-demande-en-forte-hausse-sans-effet-sur-les-prix\/"},"modified":"2026-04-29T09:02:15","modified_gmt":"2026-04-29T07:02:15","slug":"voitures-electriques-doccasion-une-demande-en-forte-hausse-sans-effet-sur-les-prix","status":"publish","type":"post","link":"https:\/\/www.evearly.news\/fr\/voitures-electriques-doccasion-une-demande-en-forte-hausse-sans-effet-sur-les-prix\/","title":{"rendered":"Voitures \u00e9lectriques d\u2019occasion : une demande en forte hausse, sans effet sur les prix"},"content":{"rendered":"<p><img decoding=\"async\" width=\"500\" height=\"333\" src=\"https:\/\/www.evearly.news\/fr\/wp-content\/uploads\/sites\/6\/2026\/04\/voitures-electriques-doccasion-une-demande-en-forte-hausse-sans-effet-sur-les-prix.webp\" class=\"attachment-1200x800 size-1200x800 wp-post-image\" alt=\"\" loading=\"lazy\" srcset=\"https:\/\/www.evearly.news\/fr\/wp-content\/uploads\/sites\/6\/2026\/04\/voitures-electriques-doccasion-une-demande-en-forte-hausse-sans-effet-sur-les-prix.webp 1920w, https:\/\/www.evearly.news\/fr\/wp-content\/uploads\/sites\/6\/2026\/04\/voitures-electriques-doccasion-une-demande-en-forte-hausse-sans-effet-sur-les-prix-1.webp 1640w, https:\/\/www.evearly.news\/fr\/wp-content\/uploads\/sites\/6\/2026\/04\/voitures-electriques-doccasion-une-demande-en-forte-hausse-sans-effet-sur-les-prix-2.webp 1024w, https:\/\/www.evearly.news\/fr\/wp-content\/uploads\/sites\/6\/2026\/04\/voitures-electriques-doccasion-une-demande-en-forte-hausse-sans-effet-sur-les-prix-3.webp 768w, https:\/\/www.evearly.news\/fr\/wp-content\/uploads\/sites\/6\/2026\/04\/voitures-electriques-doccasion-une-demande-en-forte-hausse-sans-effet-sur-les-prix-4.webp 1536w, https:\/\/www.evearly.news\/fr\/wp-content\/uploads\/sites\/6\/2026\/04\/voitures-electriques-doccasion-une-demande-en-forte-hausse-sans-effet-sur-les-prix-5.webp 623w, https:\/\/cdn.automobile-propre.com\/uploads\/2026\/04\/109869666-960x720.webp 960w\" sizes=\"auto, (max-width: 1067px) 100vw, 1067px\" \/><br \/>\nAu cours des derni\u00e8res semaines, le march\u00e9 de l&rsquo;\u00e9lectrique d&rsquo;occasion a connu une progression spectaculaire. La hausse des prix \u00e0\u2026\u00a0<a href=https:\/\/www.automobile-propre.com\/articles\/voitures-electriques-doccasion-une-demande-en-forte-hausse-sans-effet-sur-les-prix\/ target='bwindow'>Lire la suite&#8230;<\/a><\/p>\n","protected":false},"excerpt":{"rendered":"<p>&#8230; <a class=\"continue-reading-link\" href=\"https:\/\/www.evearly.news\/fr\/voitures-electriques-doccasion-une-demande-en-forte-hausse-sans-effet-sur-les-prix\/\"><\/a><\/p>\n","protected":false},"author":8,"featured_media":321563,"comment_status":"closed","ping_status":"open","sticky":false,"template":"Default","format":"standard","meta":{"footnotes":""},"categories":[8],"tags":[],"class_list":["post-321562","post","type-post","status-publish","format-standard","has-post-thumbnail","hentry","category-automobile-propre"],"_links":{"self":[{"href":"https:\/\/www.evearly.news\/fr\/wp-json\/wp\/v2\/posts\/321562","targetHints":{"allow":["GET"]}}],"collection":[{"href":"https:\/\/www.evearly.news\/fr\/wp-json\/wp\/v2\/posts"}],"about":[{"href":"https:\/\/www.evearly.news\/fr\/wp-json\/wp\/v2\/types\/post"}],"author":[{"embeddable":true,"href":"https:\/\/www.evearly.news\/fr\/wp-json\/wp\/v2\/users\/8"}],"replies":[{"embeddable":true,"href":"https:\/\/www.evearly.news\/fr\/wp-json\/wp\/v2\/comments?post=321562"}],"version-history":[{"count":0,"href":"https:\/\/www.evearly.news\/fr\/wp-json\/wp\/v2\/posts\/321562\/revisions"}],"wp:featuredmedia":[{"embeddable":true,"href":"https:\/\/www.evearly.news\/fr\/wp-json\/wp\/v2\/media\/321563"}],"wp:attachment":[{"href":"https:\/\/www.evearly.news\/fr\/wp-json\/wp\/v2\/media?parent=321562"}],"wp:term":[{"taxonomy":"category","embeddable":true,"href":"https:\/\/www.evearly.news\/fr\/wp-json\/wp\/v2\/categories?post=321562"},{"taxonomy":"post_tag","embeddable":true,"href":"https:\/\/www.evearly.news\/fr\/wp-json\/wp\/v2\/tags?post=321562"}],"curies":[{"name":"wp","href":"https:\/\/api.w.org\/{rel}","templated":true}]}}