{"id":321564,"date":"2026-04-28T16:46:47","date_gmt":"2026-04-28T14:46:47","guid":{"rendered":"https:\/\/www.evearly.news\/fr\/un-mercedes-glc-electrique-vraiment-etrange-rien-que-pour-la-chine\/"},"modified":"2026-04-28T16:46:47","modified_gmt":"2026-04-28T14:46:47","slug":"un-mercedes-glc-electrique-vraiment-etrange-rien-que-pour-la-chine","status":"publish","type":"post","link":"https:\/\/www.evearly.news\/fr\/un-mercedes-glc-electrique-vraiment-etrange-rien-que-pour-la-chine\/","title":{"rendered":"Un Mercedes GLC \u00e9lectrique vraiment \u00e9trange rien que pour la Chine"},"content":{"rendered":"<p><img decoding=\"async\" src=\"https:\/\/www.evearly.news\/fr\/wp-content\/uploads\/sites\/6\/2026\/04\/un-mercedes-glc-electrique-vraiment-etrange-rien-que-pour-la-chine.jpg\" alt=\"caradisiac\" \n><br \/>A P\u00e9kin, Mercedes a d\u00e9voil\u00e9 une version sp\u00e9ciale du nouveau GLC \u00e9lectrique. Par rapport au mod\u00e8le europ\u00e9en, il adopte un si\u00e8ge suppl\u00e9mentaire, rallonge son empattement et pr\u00e9f\u00e8re une suspension arri\u00e8re de grand luxe en plus de batteries plus petites. <a href=https:\/\/www.caradisiac.com\/un-mercedes-glc-electrique-vraiment-etrange-rien-que-pour-la-chine-221722.htm#xtor=RSS-40 target=blank>Lire la suite&#8230;<\/a><\/p>\n","protected":false},"excerpt":{"rendered":"<p><img decoding=\"async\" src=\"https:\/\/www.evearly.news\/fr\/wp-content\/uploads\/sites\/6\/2026\/04\/un-mercedes-glc-electrique-vraiment-etrange-rien-que-pour-la-chine.jpg\" alt=\"caradisiac\"><br \/>A P\u00e9kin, Mercedes a d\u00e9voil\u00e9 une version sp\u00e9ciale du nouveau GLC \u00e9lectrique. Par rapport au mod\u00e8le europ\u00e9en, il adopte un si\u00e8ge suppl\u00e9mentaire, rallonge son empattement et pr\u00e9f\u00e8re une suspension arri\u00e8re de grand luxe en plus de batteries plus petites.<\/p>\n<p> <a class=\"continue-reading-link\" href=\"https:\/\/www.evearly.news\/fr\/un-mercedes-glc-electrique-vraiment-etrange-rien-que-pour-la-chine\/\"><\/a><\/p>\n","protected":false},"author":11,"featured_media":321565,"comment_status":"closed","ping_status":"open","sticky":false,"template":"Default","format":"standard","meta":{"footnotes":""},"categories":[11],"tags":[],"class_list":["post-321564","post","type-post","status-publish","format-standard","has-post-thumbnail","hentry","category-caradisiac"],"_links":{"self":[{"href":"https:\/\/www.evearly.news\/fr\/wp-json\/wp\/v2\/posts\/321564","targetHints":{"allow":["GET"]}}],"collection":[{"href":"https:\/\/www.evearly.news\/fr\/wp-json\/wp\/v2\/posts"}],"about":[{"href":"https:\/\/www.evearly.news\/fr\/wp-json\/wp\/v2\/types\/post"}],"author":[{"embeddable":true,"href":"https:\/\/www.evearly.news\/fr\/wp-json\/wp\/v2\/users\/11"}],"replies":[{"embeddable":true,"href":"https:\/\/www.evearly.news\/fr\/wp-json\/wp\/v2\/comments?post=321564"}],"version-history":[{"count":0,"href":"https:\/\/www.evearly.news\/fr\/wp-json\/wp\/v2\/posts\/321564\/revisions"}],"wp:featuredmedia":[{"embeddable":true,"href":"https:\/\/www.evearly.news\/fr\/wp-json\/wp\/v2\/media\/321565"}],"wp:attachment":[{"href":"https:\/\/www.evearly.news\/fr\/wp-json\/wp\/v2\/media?parent=321564"}],"wp:term":[{"taxonomy":"category","embeddable":true,"href":"https:\/\/www.evearly.news\/fr\/wp-json\/wp\/v2\/categories?post=321564"},{"taxonomy":"post_tag","embeddable":true,"href":"https:\/\/www.evearly.news\/fr\/wp-json\/wp\/v2\/tags?post=321564"}],"curies":[{"name":"wp","href":"https:\/\/api.w.org\/{rel}","templated":true}]}}