{"id":321584,"date":"2026-04-29T10:01:13","date_gmt":"2026-04-29T08:01:13","guid":{"rendered":"https:\/\/www.evearly.news\/fr\/malgre-une-forte-croissance-a-linternational-byd-realise-un-debut-dannee-complique\/"},"modified":"2026-04-29T10:01:13","modified_gmt":"2026-04-29T08:01:13","slug":"malgre-une-forte-croissance-a-linternational-byd-realise-un-debut-dannee-complique","status":"publish","type":"post","link":"https:\/\/www.evearly.news\/fr\/malgre-une-forte-croissance-a-linternational-byd-realise-un-debut-dannee-complique\/","title":{"rendered":"Malgr\u00e9 une forte croissance \u00e0 l\u2019international, BYD r\u00e9alise un d\u00e9but d\u2019ann\u00e9e compliqu\u00e9"},"content":{"rendered":"<p><img decoding=\"async\" width=\"500\" height=\"333\" src=\"https:\/\/www.evearly.news\/fr\/wp-content\/uploads\/sites\/6\/2026\/04\/malgre-une-forte-croissance-a-linternational-byd-realise-un-debut-dannee-complique.jpg\" class=\"attachment-1200x800 size-1200x800 wp-post-image\" alt=\"\" loading=\"lazy\" srcset=\"https:\/\/www.evearly.news\/fr\/wp-content\/uploads\/sites\/6\/2026\/04\/malgre-une-forte-croissance-a-linternational-byd-realise-un-debut-dannee-complique.jpg 1200w, https:\/\/www.evearly.news\/fr\/wp-content\/uploads\/sites\/6\/2026\/04\/malgre-une-forte-croissance-a-linternational-byd-realise-un-debut-dannee-complique-1.jpg 1024w, https:\/\/www.evearly.news\/fr\/wp-content\/uploads\/sites\/6\/2026\/04\/malgre-une-forte-croissance-a-linternational-byd-realise-un-debut-dannee-complique-2.jpg 140w, https:\/\/www.evearly.news\/fr\/wp-content\/uploads\/sites\/6\/2026\/04\/malgre-une-forte-croissance-a-linternational-byd-realise-un-debut-dannee-complique-3.jpg 768w, https:\/\/www.evearly.news\/fr\/wp-content\/uploads\/sites\/6\/2026\/04\/malgre-une-forte-croissance-a-linternational-byd-realise-un-debut-dannee-complique-4.jpg 620w, https:\/\/www.evearly.news\/fr\/wp-content\/uploads\/sites\/6\/2026\/04\/malgre-une-forte-croissance-a-linternational-byd-realise-un-debut-dannee-complique-5.jpg 100w, https:\/\/www.evearly.news\/fr\/wp-content\/uploads\/sites\/6\/2026\/04\/malgre-une-forte-croissance-a-linternational-byd-realise-un-debut-dannee-complique-6.jpg 190w, https:\/\/cdn.automobile-propre.com\/uploads\/2025\/03\/Essai-Supertest-BYD-Sealion-7-35-600x400.jpg 600w\" sizes=\"auto, (max-width: 1200px) 100vw, 1200px\" \/><br \/>\nComment va le leader mondial de l&rsquo;\u00e9lectrique en ce d\u00e9but d&rsquo;ann\u00e9e 2026 ? Si certains indicateurs sont toujours au vert,\u2026\u00a0<a href=https:\/\/www.automobile-propre.com\/articles\/malgre-une-forte-croissance-a-linternational-byd-realise-un-debut-dannee-complique\/ target='bwindow'>Lire la suite&#8230;<\/a><\/p>\n","protected":false},"excerpt":{"rendered":"<p>&#8230; <a class=\"continue-reading-link\" href=\"https:\/\/www.evearly.news\/fr\/malgre-une-forte-croissance-a-linternational-byd-realise-un-debut-dannee-complique\/\"><\/a><\/p>\n","protected":false},"author":8,"featured_media":321585,"comment_status":"closed","ping_status":"open","sticky":false,"template":"Default","format":"standard","meta":{"footnotes":""},"categories":[8],"tags":[],"class_list":["post-321584","post","type-post","status-publish","format-standard","has-post-thumbnail","hentry","category-automobile-propre"],"_links":{"self":[{"href":"https:\/\/www.evearly.news\/fr\/wp-json\/wp\/v2\/posts\/321584","targetHints":{"allow":["GET"]}}],"collection":[{"href":"https:\/\/www.evearly.news\/fr\/wp-json\/wp\/v2\/posts"}],"about":[{"href":"https:\/\/www.evearly.news\/fr\/wp-json\/wp\/v2\/types\/post"}],"author":[{"embeddable":true,"href":"https:\/\/www.evearly.news\/fr\/wp-json\/wp\/v2\/users\/8"}],"replies":[{"embeddable":true,"href":"https:\/\/www.evearly.news\/fr\/wp-json\/wp\/v2\/comments?post=321584"}],"version-history":[{"count":0,"href":"https:\/\/www.evearly.news\/fr\/wp-json\/wp\/v2\/posts\/321584\/revisions"}],"wp:featuredmedia":[{"embeddable":true,"href":"https:\/\/www.evearly.news\/fr\/wp-json\/wp\/v2\/media\/321585"}],"wp:attachment":[{"href":"https:\/\/www.evearly.news\/fr\/wp-json\/wp\/v2\/media?parent=321584"}],"wp:term":[{"taxonomy":"category","embeddable":true,"href":"https:\/\/www.evearly.news\/fr\/wp-json\/wp\/v2\/categories?post=321584"},{"taxonomy":"post_tag","embeddable":true,"href":"https:\/\/www.evearly.news\/fr\/wp-json\/wp\/v2\/tags?post=321584"}],"curies":[{"name":"wp","href":"https:\/\/api.w.org\/{rel}","templated":true}]}}