{"id":321598,"date":"2026-04-29T12:00:05","date_gmt":"2026-04-29T10:00:05","guid":{"rendered":"https:\/\/www.evearly.news\/fr\/les-ventes-de-velos-a-assistance-electriques-reculent-en-france\/"},"modified":"2026-04-29T12:00:05","modified_gmt":"2026-04-29T10:00:05","slug":"les-ventes-de-velos-a-assistance-electriques-reculent-en-france","status":"publish","type":"post","link":"https:\/\/www.evearly.news\/fr\/les-ventes-de-velos-a-assistance-electriques-reculent-en-france\/","title":{"rendered":"Les ventes de v\u00e9los \u00e0 assistance \u00e9lectriques reculent en France"},"content":{"rendered":"<p><img width=\"1000\" height=\"563\" src=\"https:\/\/www.evearly.news\/fr\/wp-content\/uploads\/sites\/6\/2026\/04\/les-ventes-de-velos-a-assistance-electriques-reculent-en-france.jpg\" class=\"attachment-post-thumbnail size-post-thumbnail wp-post-image\" alt=\"VAE Arcade\" decoding=\"async\" fetchpriority=\"high\" srcset=\"https:\/\/www.evearly.news\/fr\/wp-content\/uploads\/sites\/6\/2026\/04\/les-ventes-de-velos-a-assistance-electriques-reculent-en-france.jpg 1000w, https:\/\/www.evearly.news\/fr\/wp-content\/uploads\/sites\/6\/2026\/04\/les-ventes-de-velos-a-assistance-electriques-reculent-en-france-1.jpg 300w, https:\/\/www.evearly.news\/fr\/wp-content\/uploads\/sites\/6\/2026\/04\/les-ventes-de-velos-a-assistance-electriques-reculent-en-france-2.jpg 998w, https:\/\/www.avem.fr\/wp-content\/uploads\/2022\/07\/ACTC0712_VET5-768x432.jpg 768w\" sizes=\"(max-width: 1000px) 100vw, 1000px\" \/>Profitant du cadre du salon V\u00e9lo in Paris, l\u2019Union Sport &#038; Cycle a mis en \u00e9vidence la nouvelle baisse des ventes des v\u00e9los \u00e0 assistance \u00e9lectrique l\u2019ann\u00e9e derni\u00e8re en France. Cette tendance baissi\u00e8re en volume est continue depuis trois ans. Toutefois, le secteur enregistre aussi des hausses d\u2019activit\u00e9s et de [\u2026] <a href=https:\/\/www.avem.fr\/2026\/04\/29\/les-ventes-de-velos-a-assistance-electriques-reculent-en-france\/ target=blank>Lire la suite&#8230;<\/a><\/p>\n","protected":false},"excerpt":{"rendered":"<p><img loading=\"lazy\" decoding=\"async\" width=\"1000\" height=\"563\" src=\"https:\/\/www.evearly.news\/fr\/wp-content\/uploads\/sites\/6\/2026\/04\/les-ventes-de-velos-a-assistance-electriques-reculent-en-france.jpg\" class=\"attachment-post-thumbnail size-post-thumbnail wp-post-image\" alt=\"VAE Arcade\" \/>Profitant du cadre du salon V\u00e9lo in Paris, l\u2019Union Sport &amp; Cycle a mis en \u00e9vidence la nouvelle baisse des ventes des v\u00e9los \u00e0 assistance \u00e9lectrique l\u2019ann\u00e9e derni\u00e8re en France. Cette tendance baissi\u00e8re en volume est continue depuis trois ans. Toutefois, le secteur enregistre aussi des hausses d\u2019activit\u00e9s et de [\u2026] <a class=\"continue-reading-link\" href=\"https:\/\/www.evearly.news\/fr\/les-ventes-de-velos-a-assistance-electriques-reculent-en-france\/\"><\/a><\/p>\n","protected":false},"author":3,"featured_media":321599,"comment_status":"closed","ping_status":"open","sticky":false,"template":"Default","format":"standard","meta":{"footnotes":""},"categories":[3],"tags":[],"class_list":["post-321598","post","type-post","status-publish","format-standard","has-post-thumbnail","hentry","category-avem"],"_links":{"self":[{"href":"https:\/\/www.evearly.news\/fr\/wp-json\/wp\/v2\/posts\/321598","targetHints":{"allow":["GET"]}}],"collection":[{"href":"https:\/\/www.evearly.news\/fr\/wp-json\/wp\/v2\/posts"}],"about":[{"href":"https:\/\/www.evearly.news\/fr\/wp-json\/wp\/v2\/types\/post"}],"author":[{"embeddable":true,"href":"https:\/\/www.evearly.news\/fr\/wp-json\/wp\/v2\/users\/3"}],"replies":[{"embeddable":true,"href":"https:\/\/www.evearly.news\/fr\/wp-json\/wp\/v2\/comments?post=321598"}],"version-history":[{"count":0,"href":"https:\/\/www.evearly.news\/fr\/wp-json\/wp\/v2\/posts\/321598\/revisions"}],"wp:featuredmedia":[{"embeddable":true,"href":"https:\/\/www.evearly.news\/fr\/wp-json\/wp\/v2\/media\/321599"}],"wp:attachment":[{"href":"https:\/\/www.evearly.news\/fr\/wp-json\/wp\/v2\/media?parent=321598"}],"wp:term":[{"taxonomy":"category","embeddable":true,"href":"https:\/\/www.evearly.news\/fr\/wp-json\/wp\/v2\/categories?post=321598"},{"taxonomy":"post_tag","embeddable":true,"href":"https:\/\/www.evearly.news\/fr\/wp-json\/wp\/v2\/tags?post=321598"}],"curies":[{"name":"wp","href":"https:\/\/api.w.org\/{rel}","templated":true}]}}