{"id":321600,"date":"2026-04-29T12:03:03","date_gmt":"2026-04-29T10:03:03","guid":{"rendered":"https:\/\/www.evearly.news\/fr\/volkswagen-id-polo-2026-tout-ce-quil-faut-savoir-sur-la-citadine-electrique-a-moins-de-25-000e\/"},"modified":"2026-04-29T12:03:03","modified_gmt":"2026-04-29T10:03:03","slug":"volkswagen-id-polo-2026-tout-ce-quil-faut-savoir-sur-la-citadine-electrique-a-moins-de-25-000e","status":"publish","type":"post","link":"https:\/\/www.evearly.news\/fr\/volkswagen-id-polo-2026-tout-ce-quil-faut-savoir-sur-la-citadine-electrique-a-moins-de-25-000e\/","title":{"rendered":"Volkswagen ID Polo 2026 : tout ce qu\u2019il faut savoir sur la citadine \u00e9lectrique \u00e0 moins de 25 000\u20ac"},"content":{"rendered":"<p><img loading=\"lazy\" decoding=\"async\" width=\"500\" height=\"333\" src=\"https:\/\/www.evearly.news\/fr\/wp-content\/uploads\/sites\/6\/2026\/04\/volkswagen-id-polo-2026-tout-ce-quil-faut-savoir-sur-la-citadine-electrique-a-moins-de-25-000e.jpg\" class=\"attachment-1200x800 size-1200x800 wp-post-image\" alt=\"Statique Volkswagen ID Polo\" srcset=\"https:\/\/www.evearly.news\/fr\/wp-content\/uploads\/sites\/6\/2026\/04\/volkswagen-id-polo-2026-tout-ce-quil-faut-savoir-sur-la-citadine-electrique-a-moins-de-25-000e.jpg 1536w, https:\/\/www.evearly.news\/fr\/wp-content\/uploads\/sites\/6\/2026\/04\/volkswagen-id-polo-2026-tout-ce-quil-faut-savoir-sur-la-citadine-electrique-a-moins-de-25-000e-1.jpg 1640w, https:\/\/www.evearly.news\/fr\/wp-content\/uploads\/sites\/6\/2026\/04\/volkswagen-id-polo-2026-tout-ce-quil-faut-savoir-sur-la-citadine-electrique-a-moins-de-25-000e-2.jpg 1024w, https:\/\/www.evearly.news\/fr\/wp-content\/uploads\/sites\/6\/2026\/04\/volkswagen-id-polo-2026-tout-ce-quil-faut-savoir-sur-la-citadine-electrique-a-moins-de-25-000e-3.jpg 140w, https:\/\/www.evearly.news\/fr\/wp-content\/uploads\/sites\/6\/2026\/04\/volkswagen-id-polo-2026-tout-ce-quil-faut-savoir-sur-la-citadine-electrique-a-moins-de-25-000e-4.jpg 768w, https:\/\/www.evearly.news\/fr\/wp-content\/uploads\/sites\/6\/2026\/04\/volkswagen-id-polo-2026-tout-ce-quil-faut-savoir-sur-la-citadine-electrique-a-moins-de-25-000e-5.jpg 700w, https:\/\/www.evearly.news\/fr\/wp-content\/uploads\/sites\/6\/2026\/04\/volkswagen-id-polo-2026-tout-ce-quil-faut-savoir-sur-la-citadine-electrique-a-moins-de-25-000e-6.jpg 960w, https:\/\/www.evearly.news\/fr\/wp-content\/uploads\/sites\/6\/2026\/04\/volkswagen-id-polo-2026-tout-ce-quil-faut-savoir-sur-la-citadine-electrique-a-moins-de-25-000e-7.jpg 100w, https:\/\/cdn.automobile-propre.com\/uploads\/2026\/04\/@Nass-M.-Statique-Volkswagen-ID-Polo-8.jpg 2000w\" sizes=\"auto, (max-width: 1200px) 100vw, 1200px\" \/><br \/>\nApr\u00e8s un premier contact avec la berline ID.3 Neo doublement restyl\u00e9e, nous d\u00e9couvrons aujourd\u2019hui le renouvellement de la petite s\u0153ur. Pour rappel, Volkswagen op\u00e8re un changement majeur en faveur de la simplicit\u00e9, \u00e0 travers sa strat\u00e9gie \u00ab True Volkswagen \u00bb. La refonte de la gamme 100% \u00e9lectrique passe donc par un second mod\u00e8le : la Polo. Un nom dont le retour ravira les amateurs, d\u2019autant que la promesse est s\u00e9duisante. Une voiture \u00e0 la fois simple dans son approche, dot\u00e9e d\u2019un \u00e9quipement digne des classes sup\u00e9rieures, polyvalente au quotidien, et \u00e0 l\u2019excellent rapport qualit\u00e9\/prix\/prestations. Premier contact avec la Volkswagen ID Polo.\u00a0<a href=https:\/\/www.automobile-propre.com\/articles\/volkswagen-id-polo-2026-citadine-electrique-technique-prix-equipement\/ target='bwindow'>Lire la suite&#8230;<\/a><\/p>\n","protected":false},"excerpt":{"rendered":"<p>&#8230; <a class=\"continue-reading-link\" href=\"https:\/\/www.evearly.news\/fr\/volkswagen-id-polo-2026-tout-ce-quil-faut-savoir-sur-la-citadine-electrique-a-moins-de-25-000e\/\"><\/a><\/p>\n","protected":false},"author":8,"featured_media":321601,"comment_status":"closed","ping_status":"open","sticky":false,"template":"Default","format":"standard","meta":{"footnotes":""},"categories":[8],"tags":[],"class_list":["post-321600","post","type-post","status-publish","format-standard","has-post-thumbnail","hentry","category-automobile-propre"],"_links":{"self":[{"href":"https:\/\/www.evearly.news\/fr\/wp-json\/wp\/v2\/posts\/321600","targetHints":{"allow":["GET"]}}],"collection":[{"href":"https:\/\/www.evearly.news\/fr\/wp-json\/wp\/v2\/posts"}],"about":[{"href":"https:\/\/www.evearly.news\/fr\/wp-json\/wp\/v2\/types\/post"}],"author":[{"embeddable":true,"href":"https:\/\/www.evearly.news\/fr\/wp-json\/wp\/v2\/users\/8"}],"replies":[{"embeddable":true,"href":"https:\/\/www.evearly.news\/fr\/wp-json\/wp\/v2\/comments?post=321600"}],"version-history":[{"count":0,"href":"https:\/\/www.evearly.news\/fr\/wp-json\/wp\/v2\/posts\/321600\/revisions"}],"wp:featuredmedia":[{"embeddable":true,"href":"https:\/\/www.evearly.news\/fr\/wp-json\/wp\/v2\/media\/321601"}],"wp:attachment":[{"href":"https:\/\/www.evearly.news\/fr\/wp-json\/wp\/v2\/media?parent=321600"}],"wp:term":[{"taxonomy":"category","embeddable":true,"href":"https:\/\/www.evearly.news\/fr\/wp-json\/wp\/v2\/categories?post=321600"},{"taxonomy":"post_tag","embeddable":true,"href":"https:\/\/www.evearly.news\/fr\/wp-json\/wp\/v2\/tags?post=321600"}],"curies":[{"name":"wp","href":"https:\/\/api.w.org\/{rel}","templated":true}]}}